{"id":2420,"date":"2016-02-18T20:13:37","date_gmt":"2016-02-18T20:13:37","guid":{"rendered":"http:\/\/skugg.wopsa.se\/?p=2420"},"modified":"2016-02-18T20:48:27","modified_gmt":"2016-02-18T20:48:27","slug":"skuggorna-fran-en-helt-annan-historia-gulag","status":"publish","type":"post","link":"https:\/\/xn--skuggorfrndetfrflutna-02b01b.se\/?p=2420","title":{"rendered":"Skuggorna fr\u00e5n en helt annan historia &#8211; GULAG"},"content":{"rendered":"<p>Julian Better f\u00f6rel\u00e4ser f\u00f6r skol\u00e5r 9 p\u00e5 Lill\u00e5ns skola om &#8221; Jag var barn i GULAG&#8221; 12 februari 2016.<a href=\"http:\/\/skugg.wopsa.se\/?attachment_id=2421\" rel=\"attachment wp-att-2421\"><img loading=\"lazy\" decoding=\"async\" class=\"alignnone size-large wp-image-2421\" src=\"http:\/\/skugg.wopsa.se\/wp-content\/uploads\/2016\/02\/IMG_2168-1024x768.jpg\" alt=\"IMG_2168\" width=\"1024\" height=\"768\" srcset=\"https:\/\/xn--skuggorfrndetfrflutna-02b01b.se\/wp-content\/uploads\/2016\/02\/IMG_2168-1024x768.jpg 1024w, https:\/\/xn--skuggorfrndetfrflutna-02b01b.se\/wp-content\/uploads\/2016\/02\/IMG_2168-300x225.jpg 300w, https:\/\/xn--skuggorfrndetfrflutna-02b01b.se\/wp-content\/uploads\/2016\/02\/IMG_2168-768x576.jpg 768w, https:\/\/xn--skuggorfrndetfrflutna-02b01b.se\/wp-content\/uploads\/2016\/02\/IMG_2168.jpg 2016w\" sizes=\"auto, (max-width: 1024px) 100vw, 1024px\" \/><\/a><\/p>\n<p><a href=\"http:\/\/skugg.wopsa.se\/?attachment_id=2423\" rel=\"attachment wp-att-2423\"><img loading=\"lazy\" decoding=\"async\" class=\"wp-image-2423 aligncenter\" src=\"http:\/\/skugg.wopsa.se\/wp-content\/uploads\/2016\/02\/jag-var-barn-i-gulag.jpg\" alt=\"jag-var-barn-i-gulag\" width=\"242\" height=\"362\" srcset=\"https:\/\/xn--skuggorfrndetfrflutna-02b01b.se\/wp-content\/uploads\/2016\/02\/jag-var-barn-i-gulag.jpg 201w, https:\/\/xn--skuggorfrndetfrflutna-02b01b.se\/wp-content\/uploads\/2016\/02\/jag-var-barn-i-gulag-200x300.jpg 200w\" sizes=\"auto, (max-width: 242px) 100vw, 242px\" \/><\/a><\/p>\n","protected":false},"excerpt":{"rendered":"<p>Julian Better f\u00f6rel\u00e4ser f\u00f6r skol\u00e5r 9 p\u00e5 Lill\u00e5ns skola om &#8221; Jag var barn i GULAG&#8221; 12 februari 2016.<\/p>\n","protected":false},"author":1,"featured_media":0,"comment_status":"closed","ping_status":"open","sticky":false,"template":"","format":"standard","meta":{"_monsterinsights_skip_tracking":false,"_monsterinsights_sitenote_active":false,"_monsterinsights_sitenote_note":"","_monsterinsights_sitenote_category":0,"_jetpack_memberships_contains_paid_content":false,"footnotes":""},"categories":[1],"tags":[],"class_list":["post-2420","post","type-post","status-publish","format-standard","hentry","category-uncategorized","nodate","item-wrap"],"jetpack_sharing_enabled":true,"jetpack_featured_media_url":"","_links":{"self":[{"href":"https:\/\/xn--skuggorfrndetfrflutna-02b01b.se\/index.php?rest_route=\/wp\/v2\/posts\/2420","targetHints":{"allow":["GET"]}}],"collection":[{"href":"https:\/\/xn--skuggorfrndetfrflutna-02b01b.se\/index.php?rest_route=\/wp\/v2\/posts"}],"about":[{"href":"https:\/\/xn--skuggorfrndetfrflutna-02b01b.se\/index.php?rest_route=\/wp\/v2\/types\/post"}],"author":[{"embeddable":true,"href":"https:\/\/xn--skuggorfrndetfrflutna-02b01b.se\/index.php?rest_route=\/wp\/v2\/users\/1"}],"replies":[{"embeddable":true,"href":"https:\/\/xn--skuggorfrndetfrflutna-02b01b.se\/index.php?rest_route=%2Fwp%2Fv2%2Fcomments&post=2420"}],"version-history":[{"count":3,"href":"https:\/\/xn--skuggorfrndetfrflutna-02b01b.se\/index.php?rest_route=\/wp\/v2\/posts\/2420\/revisions"}],"predecessor-version":[{"id":2425,"href":"https:\/\/xn--skuggorfrndetfrflutna-02b01b.se\/index.php?rest_route=\/wp\/v2\/posts\/2420\/revisions\/2425"}],"wp:attachment":[{"href":"https:\/\/xn--skuggorfrndetfrflutna-02b01b.se\/index.php?rest_route=%2Fwp%2Fv2%2Fmedia&parent=2420"}],"wp:term":[{"taxonomy":"category","embeddable":true,"href":"https:\/\/xn--skuggorfrndetfrflutna-02b01b.se\/index.php?rest_route=%2Fwp%2Fv2%2Fcategories&post=2420"},{"taxonomy":"post_tag","embeddable":true,"href":"https:\/\/xn--skuggorfrndetfrflutna-02b01b.se\/index.php?rest_route=%2Fwp%2Fv2%2Ftags&post=2420"}],"curies":[{"name":"wp","href":"https:\/\/api.w.org\/{rel}","templated":true}]}}