{"id":2051,"date":"2015-05-22T11:08:12","date_gmt":"2015-05-22T11:08:12","guid":{"rendered":"http:\/\/xn--skuggorfrndetfrflutna-02b01b.se\/?p=2051"},"modified":"2015-05-22T11:08:12","modified_gmt":"2015-05-22T11:08:12","slug":"intervju-med-bosse-borjesson","status":"publish","type":"post","link":"https:\/\/xn--skuggorfrndetfrflutna-02b01b.se\/?p=2051","title":{"rendered":"Intervju med Bosse B\u00f6rjesson"},"content":{"rendered":"<p style=\"text-align: left;\">Bosse f\u00f6ddes 1946 i V\u00e4rmland Dalby. \u00c4ven d\u00e4r brevid fanns en sjukstuga. Hans mamma f\u00f6dde Bosse innan \u00e4ktenskap med pappa bror. Men sedan gifta hon sig med john och d\u00e5 fick han en halvbror Kjell.\u00a0Hans styvpappa John var en skogsarbetare och sedan fabriksarbete. Hildur var f\u00f6rst st\u00e4derska och sedan ocks\u00e5 blev hon fabriksarbetare. Det vanligaste jobben p\u00e5 den tiden var skogsarbete eller fabriksarbete.<\/p>\n<p style=\"text-align: left;\">Bosse v\u00e4xte upp i Syssleb\u00e4ck med 9 \u00e5rig grundskola och sedan gick han p\u00e5 gymnasiet i Torsby. P\u00e5 den tiden var det inga svarta i skolan men zigenarna kom p\u00e5 den tiden s\u00e5 man kr\u00e4nkte mycket dom p\u00e5 olika s\u00e4tt.\u00a0P\u00e5 den tiden fattade hans f\u00f6r\u00e4ldrar att det var krig f\u00f6r de var vid norska gr\u00e4nsen. Norge blev taget av hitler och d\u00e4rf\u00f6r \u00e5kte m\u00e5nga svenskar till gr\u00e4nsen f\u00f6r att vara redo om tyskarna skulle vilja ha Sverige. D\u00e5 s\u00e5 brukade \u00e4ven barn g\u00e5 \u00f6ver gr\u00e4nsen och leka med andra vilket var ytterst farligt. De flesta m\u00e4nnen \u00e5kte och lade sig vid gr\u00e4nsen \u00e4ven styvpappa John och hans bror. Dom som \u00e5kte fick d\u00e4remot inte mycket betalt alls utan det var bara tj\u00e4nst att \u00e5ka. D\u00e4rf\u00f6r levde de som var kvar hemma inte s\u00e5 bra och s\u00e5 levde dom bara p\u00e5 kuponger n\u00e4stan.<\/p>\n<p style=\"text-align: left;\"><!--more-->Hur dom h\u00f6rde nyheter p\u00e5 den tiden om flyktingar och s\u00e5nt var inte vanligt utan man m\u00e4rkte mer att norska m\u00e4nniskor flydde \u00f6ver.\u00a0Sedan p\u00e5 senare tid efter kriget s\u00e5 k\u00e4nde man av att kriget varit eftersom man \u00e5kte \u00f6ver till Norge och handla f\u00f6r vissa saker var billigare. Bosse har \u00e4ven s\u00e4tt och d\u00e5 j\u00e4mf\u00f6rt med Sverige att det faktiskt varit krig i Norge.\u00a0I Sverige gick industrin v\u00e4ldigt bra efter kriget eftersom de flesta andra l\u00e4nderna var f\u00e4rdig bombade s\u00e5 de beh\u00f6vde flera saker som Sverige s\u00e5lde.\u00a0Bosse tyckte kriget var v\u00e4ldigt on\u00f6digt och f\u00f6rde bara konsekvenser f\u00f6r alla. Men hur vissa blev behandlade p\u00e5 den tiden i kriget blir folk fortfarande idag. Tex zigenare blir hatade p\u00e5, judar och svarta nu med. Samh\u00e4llet sp\u00e5rar ur och diskriminering skulle f\u00f6rekomma oavsett om kriget kom eller inte.<\/p>\n<p style=\"text-align: left;\">Genom att ha intervjuat Bosse om han och hur hans familj har haft det har jag f\u00e5tt veta hur man hade det p\u00e5 det st\u00e4llet. Jag har l\u00e4rt mig bara mycket i helhet annars men nu har jag f\u00e5tt chansen att f\u00e5 reda p\u00e5 hur en egen familj upplevt kriget. Jag har l\u00e4rt mig v\u00e4ldigt mycket genom den h\u00e4r metoden, har insett hur viktigt det \u00e4r att man l\u00e4r elever allt om kriget f\u00f6r att det inte ska h\u00e4nda igen. Det \u00e4r sjukt hur n\u00e5gon kan g\u00f6 s\u00e5h\u00e4r till Europa folket och judarna och det viktigaste av allt \u00e4r att man ska forts\u00e4tta l\u00e4ra folket om andra v\u00e4rlds kriget s\u00e5 det absolut aldrig h\u00e4nder igen.<\/p>\n<p style=\"text-align: left;\">Sabina Begic, 9A vt 15<\/p>\n","protected":false},"excerpt":{"rendered":"<p>Bosse f\u00f6ddes 1946 i V\u00e4rmland Dalby. \u00c4ven d\u00e4r brevid fanns en sjukstuga. Hans mamma f\u00f6dde Bosse innan \u00e4ktenskap med pappa bror. Men sedan gifta hon sig med john och d\u00e5 fick han en halvbror Kjell.\u00a0Hans styvpappa John var en skogsarbetare och sedan fabriksarbete. Hildur var f\u00f6rst st\u00e4derska och sedan ocks\u00e5 blev hon fabriksarbetare. Det vanligaste &hellip; <\/p>\n<p><a class=\"more-link btn\" href=\"https:\/\/xn--skuggorfrndetfrflutna-02b01b.se\/?p=2051\">Forts\u00e4tt l\u00e4sa<\/a><\/p>\n","protected":false},"author":1,"featured_media":0,"comment_status":"closed","ping_status":"open","sticky":false,"template":"","format":"standard","meta":{"_monsterinsights_skip_tracking":false,"_monsterinsights_sitenote_active":false,"_monsterinsights_sitenote_note":"","_monsterinsights_sitenote_category":0,"_jetpack_memberships_contains_paid_content":false,"footnotes":""},"categories":[1],"tags":[],"class_list":["post-2051","post","type-post","status-publish","format-standard","hentry","category-uncategorized","nodate","item-wrap"],"jetpack_sharing_enabled":true,"jetpack_featured_media_url":"","_links":{"self":[{"href":"https:\/\/xn--skuggorfrndetfrflutna-02b01b.se\/index.php?rest_route=\/wp\/v2\/posts\/2051","targetHints":{"allow":["GET"]}}],"collection":[{"href":"https:\/\/xn--skuggorfrndetfrflutna-02b01b.se\/index.php?rest_route=\/wp\/v2\/posts"}],"about":[{"href":"https:\/\/xn--skuggorfrndetfrflutna-02b01b.se\/index.php?rest_route=\/wp\/v2\/types\/post"}],"author":[{"embeddable":true,"href":"https:\/\/xn--skuggorfrndetfrflutna-02b01b.se\/index.php?rest_route=\/wp\/v2\/users\/1"}],"replies":[{"embeddable":true,"href":"https:\/\/xn--skuggorfrndetfrflutna-02b01b.se\/index.php?rest_route=%2Fwp%2Fv2%2Fcomments&post=2051"}],"version-history":[{"count":3,"href":"https:\/\/xn--skuggorfrndetfrflutna-02b01b.se\/index.php?rest_route=\/wp\/v2\/posts\/2051\/revisions"}],"predecessor-version":[{"id":2137,"href":"https:\/\/xn--skuggorfrndetfrflutna-02b01b.se\/index.php?rest_route=\/wp\/v2\/posts\/2051\/revisions\/2137"}],"wp:attachment":[{"href":"https:\/\/xn--skuggorfrndetfrflutna-02b01b.se\/index.php?rest_route=%2Fwp%2Fv2%2Fmedia&parent=2051"}],"wp:term":[{"taxonomy":"category","embeddable":true,"href":"https:\/\/xn--skuggorfrndetfrflutna-02b01b.se\/index.php?rest_route=%2Fwp%2Fv2%2Fcategories&post=2051"},{"taxonomy":"post_tag","embeddable":true,"href":"https:\/\/xn--skuggorfrndetfrflutna-02b01b.se\/index.php?rest_route=%2Fwp%2Fv2%2Ftags&post=2051"}],"curies":[{"name":"wp","href":"https:\/\/api.w.org\/{rel}","templated":true}]}}