{"id":1972,"date":"2015-03-12T17:26:47","date_gmt":"2015-03-12T17:26:47","guid":{"rendered":"http:\/\/xn--skuggorfrndetfrflutna-02b01b.se\/?p=1972"},"modified":"2015-03-12T17:27:04","modified_gmt":"2015-03-12T17:27:04","slug":"intervju-om-andra-varldskriget-med-ingemar-lars-olsson","status":"publish","type":"post","link":"https:\/\/xn--skuggorfrndetfrflutna-02b01b.se\/?p=1972","title":{"rendered":"Intervju om andra v\u00e4rldskriget med Ingemar Lars Olsson"},"content":{"rendered":"<p>&#8221;Det var m\u00f6rkt och det var j\u00e4tte kallt, det var mitt p\u00e5 vintern 1942. Jag var v\u00e4ldigt r\u00e4dd, r\u00e4dd f\u00f6r att tyskarna skulle komma. Jag l\u00e5g vid s\u00e4ngen och funderade \u00f6ver ifall tyskarna kom s\u00e5 skulle jag skaffa ett sportflygplan och fly till Norge tillsammans med min familj s\u00e5 b\u00f6rjade Ingemar Lars Olsson ber\u00e4tta om sin upplevelse under andra v\u00e4rldskriget. Ingemar f\u00f6ddes den 3 september 1930 i Kumla. Han v\u00e4xte upp tillsammans med hans 3 \u00e4ldre br\u00f6der Olle,Viktor och Erik och Hans mamma Margareta Olsson och hans pappa Albert Olsson. Han gick p\u00e5 Karolinska skolan i \u00d6rebro och Han var 15 \u00e5r gammal n\u00e4r kriget slutade. Nu \u00e4r Ingemar gift med Margareta och han \u00e4r 84 \u00e5r gammal. Dem har 2 barn och 5 barnbarn. Ingemar och hans fru bor nu i \u00d6rebro.<\/p>\n<p>Man m\u00e4rkte inte av kriget direkt men man visste att det p\u00e5gick krig. Jag tycker inte att man blev p\u00e5verkad s\u00e5 j\u00e4tte mycket h\u00e4r i Sverige men det fanns ju lite f\u00f6r\u00e4ndringar som exempelvis man hade kuponger som man fick fr\u00e5n staten f\u00f6r mat och s\u00e5 hade all svarta gardiner vid f\u00f6nstret s\u00e5 att man inte kunde se ljuset fr\u00e5n utifr\u00e5n f\u00f6r s\u00e4kerhetssk\u00e4l det kallades f\u00f6r m\u00f6rkl\u00e4ggningen och Milit\u00e4r tj\u00e4nsten som all m\u00e4n fick g\u00f6ra. Dessutom s\u00e5 h\u00f6rde man ju Hitler skrika om Goebbels som var propagandan p\u00e5 radion och s\u00e5 klar s\u00e5 fanns ju ocks\u00e5 r\u00e4dslan p\u00e5 att tyskarna skulle kanske komma men annars s\u00e5 tycker jag inte att man m\u00e4rkte av det till skillnad fr\u00e5n andra l\u00e4nder.<\/p>\n<p><!--more-->Om judar s\u00e5 visste man lite men man visste inte hur f\u00f6rf\u00e4rligt det var tills 1945 d\u00e5 Ryssarna kom till Auschwitz och hela sanningen kom fram. Det fanns svenska r\u00f6da korset som h\u00e4mtade flyktingar (Judar) och det visste man. Man gick med r\u00f6da korset till och med frivilligt. Det fanns risker men det tog man. Judar som kom till Sverige s\u00e5 h\u00e4ll man de borta fr\u00e5n alla andra tills de blev friska. Det var alltid demokrati i Sverige under Andra v\u00e4rldskriget och i den tiden s\u00e5 var det socialdemokraterna som styrde och statsministern hette Per Albin Hansson.Allt man fick h\u00f6ra p\u00e5 nyheterna var sanningen.<\/p>\n<p>Jag kommer ih\u00e5g en morgon n\u00e4r jag var p\u00e5 v\u00e4g till skolan s\u00e5 s\u00e5g jag en tysk t\u00e5g med tyska soldater p\u00e5 \u00d6rebro t\u00e5gstationen och jag tyckte att det var obehagligt. Andra minnen som jag kommer ih\u00e5g var N\u00e4r tyskarna tog \u00f6ver Norge s\u00e5 var alla i min familj j\u00e4tte r\u00e4dda. Vi var r\u00e4dda \u00f6ver att tyskarna skulle kanske ocks\u00e5 \u00f6verfalla Sverige. Man kunde se att mina f\u00f6r\u00e4ldrar var ocks\u00e5 oroliga men de ville inte vissa det till oss baren och d\u00e4rf\u00f6r f\u00f6rs\u00f6kte de lugna ner oss. N\u00e4r det p\u00e5gick krig i Finland s\u00e5 flyttade m\u00e5nga finska barn hit till Sverige och de placerades i olika familjer och Jag kommer ih\u00e5g att vart familj hade barn fr\u00e5n Finland men jag kommer inte ih\u00e5g hur m\u00e5nga det var. Och efter kriget s\u00e5 jobbade jag i Tyskland i n\u00e5gra \u00e5r och \u00a0jag kommer ih\u00e5g att byggnaderna var helt f\u00f6rt\u00e4rda.<\/p>\n<p><b>Mina reflektioner<\/b><\/p>\n<p>Man kan se att man hade det b\u00e4ttre h\u00e4r i Sverige \u00e4n man gjorde i andra l\u00e4nder. Man blev s\u00e5 klart p\u00e5verkad av kriget som till exempel med maten att man skulle ha kuponger, med svarta gardinerna (m\u00f6rkl\u00e4ggningen) och med milit\u00e4r tj\u00e4nsten och mest sp\u00e4nningen eller oroligheten man hade runt om kring och radion n\u00e4r man h\u00f6rde Hitler skrika men jag tror inte att man m\u00e4rkte riktigt av att \u00a0det faktiskt p\u00e5gick krig eftersom det fanns \u00a0inte krig h\u00e4r i Sverige.\u00a0Jag tycker ocks\u00e5 att det \u00e4r konstigt med att han sa att allt man h\u00f6rde i nyheterna var sanningen men \u00e4nd\u00e5 s\u00e5 visste man ju ingenting om judarnas l\u00e4ger eller om vad som p\u00e5gick d\u00e4r. Som jag har l\u00e4st s\u00e5 gav tyskarna ut rapporter att judar hade det bra i l\u00e4gren p\u00e5 nyheterna och \u00a0till och med s\u00e5 kom andra rapporter fr\u00e5n andra l\u00e4nder och gick p\u00e5 l\u00e4gret f\u00f6r att kolla hur \u00a0l\u00e4get var men tyskarna lurade de genom vissa de att g\u00f6ra s\u00e5 att Judarna hade det bra n\u00e4r det faktiskt var tv\u00e4rtom s\u00e5 hur kan det var att allt man h\u00f6rde i nyheterna var sanningen Utav vad jag tror jag vet s\u00e5 tror jag inte att allt man h\u00f6rde var sanningen ang\u00e5ende l\u00e4gret men kanske allt annat man h\u00f6rde var det.\u00a0Utifr\u00e5n min intervju s\u00e5 var det bara m\u00e4n som fick g\u00f6ra milit\u00e4r tj\u00e4nst men inte kvinnor. \u00a0Kvinnor hade ju f\u00e5tt mer makt \u00e4n de hade innan, de fick jobba och fick r\u00f6st r\u00e4tt men varf\u00f6r var det bara m\u00e4n som gjorde milit\u00e4r tj\u00e4nst. Men det kanske var f\u00f6r att det var inte vanligt att kvinnor gjorde det \u00e4ven om de hade mera r\u00e4ttighet.<\/p>\n<p>Jag tycker att det det \u00e4r roligt att jag fick chansen att tr\u00e4ffa och intervjua n\u00e5gon som har varit med andra v\u00e4rlds kriget och jag \u00e4r ocks\u00e5 tacksam att jag inte fick uppleva n\u00e5got krig eftersom man kan se att det \u00e4r inte n\u00e5got man leker med eller n\u00e5got som \u00e4r roligt.<\/p>\n<p>Fnan Yonas 9C<\/p>\n","protected":false},"excerpt":{"rendered":"<p>&#8221;Det var m\u00f6rkt och det var j\u00e4tte kallt, det var mitt p\u00e5 vintern 1942. Jag var v\u00e4ldigt r\u00e4dd, r\u00e4dd f\u00f6r att tyskarna skulle komma. Jag l\u00e5g vid s\u00e4ngen och funderade \u00f6ver ifall tyskarna kom s\u00e5 skulle jag skaffa ett sportflygplan och fly till Norge tillsammans med min familj s\u00e5 b\u00f6rjade Ingemar Lars Olsson ber\u00e4tta om &hellip; <\/p>\n<p><a class=\"more-link btn\" href=\"https:\/\/xn--skuggorfrndetfrflutna-02b01b.se\/?p=1972\">Forts\u00e4tt l\u00e4sa<\/a><\/p>\n","protected":false},"author":1,"featured_media":0,"comment_status":"closed","ping_status":"open","sticky":false,"template":"","format":"standard","meta":{"_monsterinsights_skip_tracking":false,"_monsterinsights_sitenote_active":false,"_monsterinsights_sitenote_note":"","_monsterinsights_sitenote_category":0,"_jetpack_memberships_contains_paid_content":false,"footnotes":""},"categories":[1],"tags":[],"class_list":["post-1972","post","type-post","status-publish","format-standard","hentry","category-uncategorized","nodate","item-wrap"],"jetpack_sharing_enabled":true,"jetpack_featured_media_url":"","_links":{"self":[{"href":"https:\/\/xn--skuggorfrndetfrflutna-02b01b.se\/index.php?rest_route=\/wp\/v2\/posts\/1972","targetHints":{"allow":["GET"]}}],"collection":[{"href":"https:\/\/xn--skuggorfrndetfrflutna-02b01b.se\/index.php?rest_route=\/wp\/v2\/posts"}],"about":[{"href":"https:\/\/xn--skuggorfrndetfrflutna-02b01b.se\/index.php?rest_route=\/wp\/v2\/types\/post"}],"author":[{"embeddable":true,"href":"https:\/\/xn--skuggorfrndetfrflutna-02b01b.se\/index.php?rest_route=\/wp\/v2\/users\/1"}],"replies":[{"embeddable":true,"href":"https:\/\/xn--skuggorfrndetfrflutna-02b01b.se\/index.php?rest_route=%2Fwp%2Fv2%2Fcomments&post=1972"}],"version-history":[{"count":4,"href":"https:\/\/xn--skuggorfrndetfrflutna-02b01b.se\/index.php?rest_route=\/wp\/v2\/posts\/1972\/revisions"}],"predecessor-version":[{"id":1994,"href":"https:\/\/xn--skuggorfrndetfrflutna-02b01b.se\/index.php?rest_route=\/wp\/v2\/posts\/1972\/revisions\/1994"}],"wp:attachment":[{"href":"https:\/\/xn--skuggorfrndetfrflutna-02b01b.se\/index.php?rest_route=%2Fwp%2Fv2%2Fmedia&parent=1972"}],"wp:term":[{"taxonomy":"category","embeddable":true,"href":"https:\/\/xn--skuggorfrndetfrflutna-02b01b.se\/index.php?rest_route=%2Fwp%2Fv2%2Fcategories&post=1972"},{"taxonomy":"post_tag","embeddable":true,"href":"https:\/\/xn--skuggorfrndetfrflutna-02b01b.se\/index.php?rest_route=%2Fwp%2Fv2%2Ftags&post=1972"}],"curies":[{"name":"wp","href":"https:\/\/api.w.org\/{rel}","templated":true}]}}