{"id":54,"date":"2016-05-03T16:50:31","date_gmt":"2016-05-03T16:50:31","guid":{"rendered":"http:\/\/xn--skuggorfrndetfrflutna-02b01b.se\/?p=54"},"modified":"2016-07-06T13:42:36","modified_gmt":"2016-07-06T13:42:36","slug":"eszter","status":"publish","type":"post","link":"http:\/\/xn--skuggorfrndetfrflutna-02b01b.se\/?p=54","title":{"rendered":"Eszter"},"content":{"rendered":"<p style=\"text-align: justify;\">\u201d1940-44 getto i Lodz. Hade det d\u00e4r i stort bra. I augusti 1944 &#8211; tolv dagar i Auschwitz. Sedan sju m\u00e5nader i arbetsl\u00e4ger i Christianstadt. Hade d\u00e4r h\u00e5rt arbete och lite mat. Fick bland annat gr\u00e4va tankgravar och kasta upp jorden tv\u00e5 meter. D\u00e4refter i mars 1945 f\u00f6rflyttning till Bergen Belsen, under sex veckor omv\u00e4xlande t\u00e5g (fyra dagar) och fotledes (fyra dagar). Fingo vara helt utan mat n\u00e4r de marscherade. Sammanlagt sju veckor i Bergen Belsen. Dagransonen bestod av \u00bc liter tunn k\u00e5lsoppa och hon s\u00e5g br\u00f6d sammanlagt tv\u00e5 g\u00e5nger p\u00e5 hela tiden.<\/p>\n<p style=\"text-align: justify;\">N\u00e4r hon en g\u00e5ng lyckades snappa till sig en bit k\u00e5lrot extra fick hon till straff sitta tv\u00e5 dygn i en m\u00f6rk k\u00e4llare med vatten till kn\u00e4na och omgiven av stora r\u00e5ttor. \u2026 I aug 1944 b\u00f6ld \u2026som brast s\u00f6nder och hon fick h\u00e4r sedan ett varigt s\u00e5r som l\u00e4kte ut f\u00f6rst april 1945&#8230; tyfus\u2026l\u00e5g en m\u00e5nad med 40\u00b0 feber, illam\u00e5ende och kr\u00e4kningar men ingen diarr\u00e9\u2026 v\u00e4gde vid befrielsen 33 kg, ingen mens i l\u00e4gren sedan augusti 1944. K\u00e4nner sig nu alldeles frisk.\u201d<\/p>\n","protected":false},"excerpt":{"rendered":"<p>\u201d1940-44 getto i Lodz. Hade det d\u00e4r i stort bra. I augusti 1944 &#8211; tolv dagar i Auschwitz. Sedan sju m\u00e5nader i arbetsl\u00e4ger i Christianstadt. Hade d\u00e4r h\u00e5rt arbete och lite mat. Fick bland annat gr\u00e4va tankgravar och kasta upp jorden tv\u00e5 meter. D\u00e4refter i mars 1945 f\u00f6rflyttning till Bergen Belsen, under sex veckor omv\u00e4xlande &hellip; <\/p>\n<p><a class=\"more-link btn\" href=\"http:\/\/xn--skuggorfrndetfrflutna-02b01b.se\/?p=54\">Forts\u00e4tt l\u00e4sa<\/a><\/p>\n","protected":false},"author":1,"featured_media":0,"comment_status":"open","ping_status":"open","sticky":false,"template":"","format":"standard","meta":{"_monsterinsights_skip_tracking":false,"_monsterinsights_sitenote_active":false,"_monsterinsights_sitenote_note":"","_monsterinsights_sitenote_category":0,"_jetpack_memberships_contains_paid_content":false,"footnotes":""},"categories":[1],"tags":[],"class_list":["post-54","post","type-post","status-publish","format-standard","hentry","category-uncategorized","nodate","item-wrap"],"jetpack_sharing_enabled":true,"jetpack_featured_media_url":"","_links":{"self":[{"href":"http:\/\/xn--skuggorfrndetfrflutna-02b01b.se\/index.php?rest_route=\/wp\/v2\/posts\/54","targetHints":{"allow":["GET"]}}],"collection":[{"href":"http:\/\/xn--skuggorfrndetfrflutna-02b01b.se\/index.php?rest_route=\/wp\/v2\/posts"}],"about":[{"href":"http:\/\/xn--skuggorfrndetfrflutna-02b01b.se\/index.php?rest_route=\/wp\/v2\/types\/post"}],"author":[{"embeddable":true,"href":"http:\/\/xn--skuggorfrndetfrflutna-02b01b.se\/index.php?rest_route=\/wp\/v2\/users\/1"}],"replies":[{"embeddable":true,"href":"http:\/\/xn--skuggorfrndetfrflutna-02b01b.se\/index.php?rest_route=%2Fwp%2Fv2%2Fcomments&post=54"}],"version-history":[{"count":5,"href":"http:\/\/xn--skuggorfrndetfrflutna-02b01b.se\/index.php?rest_route=\/wp\/v2\/posts\/54\/revisions"}],"predecessor-version":[{"id":3098,"href":"http:\/\/xn--skuggorfrndetfrflutna-02b01b.se\/index.php?rest_route=\/wp\/v2\/posts\/54\/revisions\/3098"}],"wp:attachment":[{"href":"http:\/\/xn--skuggorfrndetfrflutna-02b01b.se\/index.php?rest_route=%2Fwp%2Fv2%2Fmedia&parent=54"}],"wp:term":[{"taxonomy":"category","embeddable":true,"href":"http:\/\/xn--skuggorfrndetfrflutna-02b01b.se\/index.php?rest_route=%2Fwp%2Fv2%2Fcategories&post=54"},{"taxonomy":"post_tag","embeddable":true,"href":"http:\/\/xn--skuggorfrndetfrflutna-02b01b.se\/index.php?rest_route=%2Fwp%2Fv2%2Ftags&post=54"}],"curies":[{"name":"wp","href":"https:\/\/api.w.org\/{rel}","templated":true}]}}