{"id":3536,"date":"2018-07-30T12:26:59","date_gmt":"2018-07-30T12:26:59","guid":{"rendered":"http:\/\/skugg.wopsa.se\/?p=3536"},"modified":"2018-10-16T16:54:59","modified_gmt":"2018-10-16T16:54:59","slug":"ett-ljus-i-morket","status":"publish","type":"post","link":"http:\/\/xn--skuggorfrndetfrflutna-02b01b.se\/?p=3536","title":{"rendered":"Ett ljus i m\u00f6rket"},"content":{"rendered":"<p style=\"text-align: justify;\">I maj 1942 best\u00e4mde den tyska milit\u00e4rf\u00f6rvaltningen i Belgien att alla judar m\u00e5ste b\u00e4ra judestj\u00e4rnan. Tyskarna ville att uppgiften att skaffa fram och dela ut det stigmatiserande k\u00e4nnetecknet skulle falla p\u00e5 de belgiska kommunalf\u00f6rvaltningarna. En vecka senare avvisade Bryssels borgm\u00e4stare, den katolsk-konservative politikern Jules Coelst, kategoriskt och i tydliga ordalag denna uppmaning. I namn av Brysselregionens alla 19 borgm\u00e4stare och st\u00f6d p\u00e5 p\u00e5 deras enh\u00e4lliga beslut svarande han tyskarna; &#8221;Det ankommer inte p\u00e5 oss att med er diskutera l\u00e4mpligheten av de \u00e5tg\u00e4rder ni har beslutat mot judarna. D\u00e4remot \u00e4r det v\u00e5r plikt att meddela er att ni inte kan kr\u00e4va att vi medverkar till dem. M\u00e5nga judar \u00e4r belgare, dessutom kan vi inte f\u00f6rm\u00e5 oss att genomf\u00f6ra en best\u00e4mmelse som s\u00e5 uppenbart strider mot m\u00e4nniskans v\u00e4rdighet, oavsett vem det handlar om.&#8221;\u00a0Heder \u00e5t belgarna!<\/p>\n<p style=\"text-align: justify;\">Av de cirka 56 000 registrerade judar i Belgien lyckades tyskarna deportera uppemot h\u00e4lften. Endast (men m\u00e5nga nog) 20% av judarna greps av belgiska polis och andra myndigheter.<\/p>\n<p><a href=\"https:\/\/drive.google.com\/file\/d\/1QW2sKCimKbOMQaBbGBfbYmpCTXKEIOxE\/view?usp=sharing\" target=\"_blank\" rel=\"noopener\"><strong>Sammanst\u00e4llning \u00f6ver de nazistiska deportationerna fr\u00e5n Belgien till Auschwitz ser du genom att klicka p\u00e5 l\u00e4nken!<\/strong><\/a><\/p>\n<p>Jules Coest i mitten.<\/p>\n<p><img loading=\"lazy\" decoding=\"async\" class=\"size-full wp-image-3537 alignleft\" src=\"http:\/\/skugg.wopsa.se\/wp-content\/uploads\/2018\/07\/ProjPubli_Coelst.jpg\" alt=\"\" width=\"369\" height=\"257\" srcset=\"http:\/\/xn--skuggorfrndetfrflutna-02b01b.se\/wp-content\/uploads\/2018\/07\/ProjPubli_Coelst.jpg 369w, http:\/\/xn--skuggorfrndetfrflutna-02b01b.se\/wp-content\/uploads\/2018\/07\/ProjPubli_Coelst-300x209.jpg 300w\" sizes=\"auto, (max-width: 369px) 100vw, 369px\" \/><\/p>\n<p>&nbsp;<\/p>\n<p>K\u00e4lla: Europa mot judarna G\u00f6tz Aly (2018) och bildk\u00e4lla:\u00a0http:\/\/www.cegesoma.be<\/p>\n","protected":false},"excerpt":{"rendered":"<p>I maj 1942 best\u00e4mde den tyska milit\u00e4rf\u00f6rvaltningen i Belgien att alla judar m\u00e5ste b\u00e4ra judestj\u00e4rnan. Tyskarna ville att uppgiften att skaffa fram och dela ut det stigmatiserande k\u00e4nnetecknet skulle falla p\u00e5 de belgiska kommunalf\u00f6rvaltningarna. En vecka senare avvisade Bryssels borgm\u00e4stare, den katolsk-konservative politikern Jules Coelst, kategoriskt och i tydliga ordalag denna uppmaning. I namn av &hellip; <\/p>\n<p><a class=\"more-link btn\" href=\"http:\/\/xn--skuggorfrndetfrflutna-02b01b.se\/?p=3536\">Forts\u00e4tt l\u00e4sa<\/a><\/p>\n","protected":false},"author":1,"featured_media":0,"comment_status":"closed","ping_status":"open","sticky":false,"template":"","format":"standard","meta":{"_monsterinsights_skip_tracking":false,"_monsterinsights_sitenote_active":false,"_monsterinsights_sitenote_note":"","_monsterinsights_sitenote_category":0,"_jetpack_memberships_contains_paid_content":false,"footnotes":""},"categories":[1],"tags":[],"class_list":["post-3536","post","type-post","status-publish","format-standard","hentry","category-uncategorized","nodate","item-wrap"],"jetpack_sharing_enabled":true,"jetpack_featured_media_url":"","_links":{"self":[{"href":"http:\/\/xn--skuggorfrndetfrflutna-02b01b.se\/index.php?rest_route=\/wp\/v2\/posts\/3536","targetHints":{"allow":["GET"]}}],"collection":[{"href":"http:\/\/xn--skuggorfrndetfrflutna-02b01b.se\/index.php?rest_route=\/wp\/v2\/posts"}],"about":[{"href":"http:\/\/xn--skuggorfrndetfrflutna-02b01b.se\/index.php?rest_route=\/wp\/v2\/types\/post"}],"author":[{"embeddable":true,"href":"http:\/\/xn--skuggorfrndetfrflutna-02b01b.se\/index.php?rest_route=\/wp\/v2\/users\/1"}],"replies":[{"embeddable":true,"href":"http:\/\/xn--skuggorfrndetfrflutna-02b01b.se\/index.php?rest_route=%2Fwp%2Fv2%2Fcomments&post=3536"}],"version-history":[{"count":6,"href":"http:\/\/xn--skuggorfrndetfrflutna-02b01b.se\/index.php?rest_route=\/wp\/v2\/posts\/3536\/revisions"}],"predecessor-version":[{"id":3665,"href":"http:\/\/xn--skuggorfrndetfrflutna-02b01b.se\/index.php?rest_route=\/wp\/v2\/posts\/3536\/revisions\/3665"}],"wp:attachment":[{"href":"http:\/\/xn--skuggorfrndetfrflutna-02b01b.se\/index.php?rest_route=%2Fwp%2Fv2%2Fmedia&parent=3536"}],"wp:term":[{"taxonomy":"category","embeddable":true,"href":"http:\/\/xn--skuggorfrndetfrflutna-02b01b.se\/index.php?rest_route=%2Fwp%2Fv2%2Fcategories&post=3536"},{"taxonomy":"post_tag","embeddable":true,"href":"http:\/\/xn--skuggorfrndetfrflutna-02b01b.se\/index.php?rest_route=%2Fwp%2Fv2%2Ftags&post=3536"}],"curies":[{"name":"wp","href":"https:\/\/api.w.org\/{rel}","templated":true}]}}