{"id":3414,"date":"2018-01-27T08:12:25","date_gmt":"2018-01-27T08:12:25","guid":{"rendered":"http:\/\/skugg.wopsa.se\/?p=3414"},"modified":"2018-01-29T20:51:56","modified_gmt":"2018-01-29T20:51:56","slug":"att-gora-sin-plikt-och-att-gora-motstand","status":"publish","type":"post","link":"http:\/\/xn--skuggorfrndetfrflutna-02b01b.se\/?p=3414","title":{"rendered":"Att g\u00f6ra sin plikt och att g\u00f6ra motst\u00e5nd"},"content":{"rendered":"<p style=\"text-align: justify;\">\u2026\u201dWir Haben keine Judenfrage!\u201d (Vi har inget judeproblem) hade Finlands statsminister Johan Wilhelm Rangell f\u00f6rklarat f\u00f6r SS Reichsf\u00fchrer Heinrich Himmler inf\u00f6r m\u00f6tet med Mannerheim i augusti 1942. Marskalken slapp d\u00e4rmed en makaber diskussion d\u00e4r det givna svaret hade blivit ett absolut nej. F\u00f6re m\u00f6tet med Mannerheim hade Gestapochefen f\u00f6rsett sig med en komplett namnf\u00f6rteckning \u00f6ver samtliga medlemmar i Finlands judiska f\u00f6rsamlingar, sammanst\u00e4lld av den nazianstuckne polism\u00e4staren Arno Anthoni\u2026<\/p>\n<p style=\"text-align: justify;\">\u2026F\u00f6r finska arm\u00e9ns judar blev det ofta sv\u00e5rt att p\u00e5 n\u00e4ra h\u00e5ll sm\u00e4lta det tyska vapenbroderskapet fast\u00e4n samarbetet alltid skedde under korrekta former. Vid ett flertal tillf\u00e4llen ville tyskarna f\u00f6resl\u00e5 J\u00e4rnkorset till judar och fattade aldrig varf\u00f6r utm\u00e4rkelsen f\u00f6r visad tapperhet avslogs. Till dem som i f\u00f6rv\u00e4g avsade sig det blodbesudlade J\u00e4rnkorset h\u00f6rde ett antal milit\u00e4rl\u00e4kare med majors rang, vilka utan urskillning sk\u00f6tte tyska och finska s\u00e5rade.<\/p>\n<p style=\"text-align: justify;\">En av dem som tackade nej till J\u00e4rnkorset var sanitetskaptenen Leo Skurnik som vid Kiestinki lyckades r\u00e4dda ett f\u00e4ltlasarett med tyska och finska s\u00e5rade ut ur ett kringr\u00e4nt avsnitt d\u00e4r man var utsatt f\u00f6r v\u00e5ldsam artillerield. Den musikaliskt lyh\u00f6rde Skurnik hade uppfattat en regelm\u00e4ssig periodicitet i den ryska eldkoncentrationen och exakt p\u00e5 minuten r\u00e4knat ut hur l\u00e5ng tid som beh\u00f6vdes f\u00f6r en skyndsam transport \u00f6ver den \u00f6ppna terr\u00e4ng d\u00e4r man var helt blottst\u00e4lld. Uppeh\u00e5llet d\u00e5 ryssarna laddade om r\u00e4ckte f\u00f6r att s\u00e4tta lasarettet i s\u00e4kerhet men en s\u00e5rad tysk blev liggande p\u00e5 det \u00f6ppna f\u00e4ltet. Fast\u00e4n den m\u00f6rdande artillerielden \u00e5terupptogs hade Skurnik utan bet\u00e4nkande rusat ut och h\u00e4mtat tysken utan att reflektera \u00f6ver att han v\u00e5gat vad ingen av hans m\u00e4n v\u00e5gat \u2013 eller som han inte velat beordra n\u00e5gon annan att g\u00f6ra. Hans gode v\u00e4n och \u00f6verordnade general Siilasvuo som i Lappland var underst\u00e4lld den tyska arm\u00e9k\u00e5rens \u00f6verkommando var ingen tyskv\u00e4n. Utan att n\u00e4mna att Skurnik var jude l\u00e4t han \u00e4rendet med utm\u00e4rkelsen g\u00e5 s\u00e5 l\u00e5ngt att han till tyskarna kunde f\u00f6rmedla Skurniks svar: \u201dJag torkar mig i r\u00f6ven med ert J\u00e4rnkors\u201d. Skymfen skedde p\u00e5 Skurniks uttryckliga beg\u00e4ran och innebar sj\u00e4lvfallet vissa risker, men Siilasvuo trotsade envist sina \u00f6verordnade genom att v\u00e4gra utl\u00e4mna sin b\u00e4ste l\u00e4kare till milit\u00e4r bestraffning. Generalen utmanade dessutom den tyska generalstaben genom att presentera den judiske kompanichefen kapten Salomon Klass som utm\u00e4rkt sig som en av de fr\u00e4msta under Vinterkrigets ryktbara f\u00f6rintelseslag vid Suomussalmi. Tyskarna ber\u00f6mde kapten Klass f\u00f6r hans perfekta tyska, vilket han f\u00f6r de h\u00e4pna nazisterna f\u00f6rklarade med att jiddisch ju tillh\u00f6r den germanska spr\u00e5kfamiljen\u2026<\/p>\n<p style=\"text-align: justify;\">(K\u00e4lla: Jan Sederholm, DN)<\/p>\n<p>En av de s\u00e5rade finska soldater som kom till Sverige f\u00f6r v\u00e5rd under kriget var den finske-judiske mannen Hirsch-L-R. I \u00d6rebro tr\u00e4ffade han den judiska flyktingen Genia.<\/p>\n<p style=\"text-align: justify;\"><strong>Tanja H ber\u00e4ttar:\u00a0<\/strong>\u201dD\u00e4r \u00e4r min mamma!\u2026 Det \u00e4r hon, jag \u00e4r helt s\u00e4ker!\u201d (Tanja hittar sin mamma Genia H (1924-1971) p\u00e5 fotografiet nedan. Genia och hennes syster Hanna kom b\u00e5da till beredskapssjukhuset i \u00d6rebro.)<a href=\"http:\/\/skugg.wopsa.se\/wp-content\/uploads\/2013\/09\/int12.jpg\"><img loading=\"lazy\" decoding=\"async\" class=\"aligncenter size-full wp-image-372\" src=\"http:\/\/skugg.wopsa.se\/wp-content\/uploads\/2013\/09\/int12.jpg\" alt=\"\" width=\"604\" height=\"410\" srcset=\"http:\/\/xn--skuggorfrndetfrflutna-02b01b.se\/wp-content\/uploads\/2013\/09\/int12.jpg 604w, http:\/\/xn--skuggorfrndetfrflutna-02b01b.se\/wp-content\/uploads\/2013\/09\/int12-300x203.jpg 300w\" sizes=\"auto, (max-width: 604px) 100vw, 604px\" \/><\/a><\/p>\n<p><!--more--><\/p>\n<p style=\"text-align: justify;\">Genia ber\u00e4ttade n\u00e4stan inget alls om tiden i nazistisk f\u00e5ngenskap eller om familjen f\u00f6re kriget f\u00f6r Tanja. Hon ska ha en g\u00e5ng ha blivit biten av en hund i ett av l\u00e4gren n\u00e4r hon skulle ta en bit br\u00f6d. Genia hade ofta mardr\u00f6mmar, depressioner och mycket d\u00e5ligt samvete \u00f6ver att just hon \u00f6verlevt.<\/p>\n<p style=\"text-align: justify;\">Genias judiska familj kom fr\u00e5n en liten stad s\u00f6der om Krakow. Hon blev befriad i Bergen-Belsen och kom sedan \u00f6ver Malm\u00f6 till Sverige och var sedan en tid i Lund innan hon kom till \u00d6rebro i augusti 1945.<\/p>\n<p style=\"text-align: justify;\">I \u00d6rebro tr\u00e4ffar Hirsch Genia och de gifte sig 1947 och blev kvar i \u00d6rebro. Mostern Hanna emigrerade i slutet av 1940-talet till USA.<\/p>\n<p><a href=\"http:\/\/skugg.wopsa.se\/wp-content\/uploads\/2013\/09\/br\u00f6ll.jpg\"><img loading=\"lazy\" decoding=\"async\" class=\"aligncenter size-full wp-image-373\" src=\"http:\/\/skugg.wopsa.se\/wp-content\/uploads\/2013\/09\/br\u00f6ll.jpg\" alt=\"\" width=\"187\" height=\"254\" \/><\/a><\/p>\n","protected":false},"excerpt":{"rendered":"<p>\u2026\u201dWir Haben keine Judenfrage!\u201d (Vi har inget judeproblem) hade Finlands statsminister Johan Wilhelm Rangell f\u00f6rklarat f\u00f6r SS Reichsf\u00fchrer Heinrich Himmler inf\u00f6r m\u00f6tet med Mannerheim i augusti 1942. Marskalken slapp d\u00e4rmed en makaber diskussion d\u00e4r det givna svaret hade blivit ett absolut nej. F\u00f6re m\u00f6tet med Mannerheim hade Gestapochefen f\u00f6rsett sig med en komplett namnf\u00f6rteckning \u00f6ver &hellip; <\/p>\n<p><a class=\"more-link btn\" href=\"http:\/\/xn--skuggorfrndetfrflutna-02b01b.se\/?p=3414\">Forts\u00e4tt l\u00e4sa<\/a><\/p>\n","protected":false},"author":1,"featured_media":0,"comment_status":"closed","ping_status":"open","sticky":false,"template":"","format":"standard","meta":{"_monsterinsights_skip_tracking":false,"_monsterinsights_sitenote_active":false,"_monsterinsights_sitenote_note":"","_monsterinsights_sitenote_category":0,"_jetpack_memberships_contains_paid_content":false,"footnotes":""},"categories":[1],"tags":[],"class_list":["post-3414","post","type-post","status-publish","format-standard","hentry","category-uncategorized","nodate","item-wrap"],"jetpack_sharing_enabled":true,"jetpack_featured_media_url":"","_links":{"self":[{"href":"http:\/\/xn--skuggorfrndetfrflutna-02b01b.se\/index.php?rest_route=\/wp\/v2\/posts\/3414","targetHints":{"allow":["GET"]}}],"collection":[{"href":"http:\/\/xn--skuggorfrndetfrflutna-02b01b.se\/index.php?rest_route=\/wp\/v2\/posts"}],"about":[{"href":"http:\/\/xn--skuggorfrndetfrflutna-02b01b.se\/index.php?rest_route=\/wp\/v2\/types\/post"}],"author":[{"embeddable":true,"href":"http:\/\/xn--skuggorfrndetfrflutna-02b01b.se\/index.php?rest_route=\/wp\/v2\/users\/1"}],"replies":[{"embeddable":true,"href":"http:\/\/xn--skuggorfrndetfrflutna-02b01b.se\/index.php?rest_route=%2Fwp%2Fv2%2Fcomments&post=3414"}],"version-history":[{"count":8,"href":"http:\/\/xn--skuggorfrndetfrflutna-02b01b.se\/index.php?rest_route=\/wp\/v2\/posts\/3414\/revisions"}],"predecessor-version":[{"id":3428,"href":"http:\/\/xn--skuggorfrndetfrflutna-02b01b.se\/index.php?rest_route=\/wp\/v2\/posts\/3414\/revisions\/3428"}],"wp:attachment":[{"href":"http:\/\/xn--skuggorfrndetfrflutna-02b01b.se\/index.php?rest_route=%2Fwp%2Fv2%2Fmedia&parent=3414"}],"wp:term":[{"taxonomy":"category","embeddable":true,"href":"http:\/\/xn--skuggorfrndetfrflutna-02b01b.se\/index.php?rest_route=%2Fwp%2Fv2%2Fcategories&post=3414"},{"taxonomy":"post_tag","embeddable":true,"href":"http:\/\/xn--skuggorfrndetfrflutna-02b01b.se\/index.php?rest_route=%2Fwp%2Fv2%2Ftags&post=3414"}],"curies":[{"name":"wp","href":"https:\/\/api.w.org\/{rel}","templated":true}]}}