{"id":3398,"date":"2018-01-27T08:12:00","date_gmt":"2018-01-27T08:12:00","guid":{"rendered":"http:\/\/skugg.wopsa.se\/?p=3398"},"modified":"2018-01-29T07:37:06","modified_gmt":"2018-01-29T07:37:06","slug":"forintelsens-minnesdag-2018-tack-for-er-insats","status":"publish","type":"post","link":"http:\/\/xn--skuggorfrndetfrflutna-02b01b.se\/?p=3398","title":{"rendered":"F\u00f6rintelsens minnesdag 2018 &#8211; Tack f\u00f6r er insats!"},"content":{"rendered":"<p style=\"text-align: justify;\">Fredagen den 26 januari tackade Kronprinsessan Victoria de inbjudna f\u00f6r dessa insatser i syfte att visa p\u00e5 betydelsen av att minnas och att l\u00e4ra av F\u00f6rintelsen och\u00a0 inledde ett kort seminarium med Yehuda Bauer och Daniel Poohl.<\/p>\n<p style=\"text-align: justify;\"><a href=\"http:\/\/skugg.wopsa.se\/wp-content\/uploads\/2018\/01\/Resized_20180126_151308.jpg\"><img loading=\"lazy\" decoding=\"async\" class=\"aligncenter wp-image-3403\" src=\"http:\/\/skugg.wopsa.se\/wp-content\/uploads\/2018\/01\/Resized_20180126_151308.jpg\" alt=\"\" width=\"473\" height=\"381\" srcset=\"http:\/\/xn--skuggorfrndetfrflutna-02b01b.se\/wp-content\/uploads\/2018\/01\/Resized_20180126_151308.jpg 1148w, http:\/\/xn--skuggorfrndetfrflutna-02b01b.se\/wp-content\/uploads\/2018\/01\/Resized_20180126_151308-300x242.jpg 300w, http:\/\/xn--skuggorfrndetfrflutna-02b01b.se\/wp-content\/uploads\/2018\/01\/Resized_20180126_151308-768x619.jpg 768w, http:\/\/xn--skuggorfrndetfrflutna-02b01b.se\/wp-content\/uploads\/2018\/01\/Resized_20180126_151308-1024x825.jpg 1024w\" sizes=\"auto, (max-width: 473px) 100vw, 473px\" \/><\/a><\/p>\n<p style=\"text-align: justify;\"><a href=\"http:\/\/skugg.wopsa.se\/wp-content\/uploads\/2018\/01\/Resized_20180126_155421.jpg\"><img loading=\"lazy\" decoding=\"async\" class=\"aligncenter wp-image-3404\" src=\"http:\/\/skugg.wopsa.se\/wp-content\/uploads\/2018\/01\/Resized_20180126_155421.jpg\" alt=\"\" width=\"396\" height=\"454\" srcset=\"http:\/\/xn--skuggorfrndetfrflutna-02b01b.se\/wp-content\/uploads\/2018\/01\/Resized_20180126_155421.jpg 657w, http:\/\/xn--skuggorfrndetfrflutna-02b01b.se\/wp-content\/uploads\/2018\/01\/Resized_20180126_155421-262x300.jpg 262w\" sizes=\"auto, (max-width: 396px) 100vw, 396px\" \/><\/a><br \/>\n<!--more--><a href=\"http:\/\/skugg.wopsa.se\/wp-content\/uploads\/2018\/01\/IMG_4471-kopia.jpg\"><img loading=\"lazy\" decoding=\"async\" class=\"aligncenter wp-image-3400\" src=\"http:\/\/skugg.wopsa.se\/wp-content\/uploads\/2018\/01\/IMG_4471-kopia.jpg\" alt=\"\" width=\"433\" height=\"304\" srcset=\"http:\/\/xn--skuggorfrndetfrflutna-02b01b.se\/wp-content\/uploads\/2018\/01\/IMG_4471-kopia.jpg 3040w, http:\/\/xn--skuggorfrndetfrflutna-02b01b.se\/wp-content\/uploads\/2018\/01\/IMG_4471-kopia-300x211.jpg 300w, http:\/\/xn--skuggorfrndetfrflutna-02b01b.se\/wp-content\/uploads\/2018\/01\/IMG_4471-kopia-768x540.jpg 768w, http:\/\/xn--skuggorfrndetfrflutna-02b01b.se\/wp-content\/uploads\/2018\/01\/IMG_4471-kopia-1024x719.jpg 1024w\" sizes=\"auto, (max-width: 433px) 100vw, 433px\" \/><\/a><\/p>\n","protected":false},"excerpt":{"rendered":"<p>Fredagen den 26 januari tackade Kronprinsessan Victoria de inbjudna f\u00f6r dessa insatser i syfte att visa p\u00e5 betydelsen av att minnas och att l\u00e4ra av F\u00f6rintelsen och\u00a0 inledde ett kort seminarium med Yehuda Bauer och Daniel Poohl.<\/p><p><a class=\"more-link btn\" href=\"http:\/\/xn--skuggorfrndetfrflutna-02b01b.se\/?p=3398\">Forts\u00e4tt l\u00e4sa<\/a><\/p>\n","protected":false},"author":1,"featured_media":0,"comment_status":"closed","ping_status":"open","sticky":false,"template":"","format":"standard","meta":{"_monsterinsights_skip_tracking":false,"_monsterinsights_sitenote_active":false,"_monsterinsights_sitenote_note":"","_monsterinsights_sitenote_category":0,"_jetpack_memberships_contains_paid_content":false,"footnotes":""},"categories":[1],"tags":[],"class_list":["post-3398","post","type-post","status-publish","format-standard","hentry","category-uncategorized","nodate","item-wrap"],"jetpack_sharing_enabled":true,"jetpack_featured_media_url":"","_links":{"self":[{"href":"http:\/\/xn--skuggorfrndetfrflutna-02b01b.se\/index.php?rest_route=\/wp\/v2\/posts\/3398","targetHints":{"allow":["GET"]}}],"collection":[{"href":"http:\/\/xn--skuggorfrndetfrflutna-02b01b.se\/index.php?rest_route=\/wp\/v2\/posts"}],"about":[{"href":"http:\/\/xn--skuggorfrndetfrflutna-02b01b.se\/index.php?rest_route=\/wp\/v2\/types\/post"}],"author":[{"embeddable":true,"href":"http:\/\/xn--skuggorfrndetfrflutna-02b01b.se\/index.php?rest_route=\/wp\/v2\/users\/1"}],"replies":[{"embeddable":true,"href":"http:\/\/xn--skuggorfrndetfrflutna-02b01b.se\/index.php?rest_route=%2Fwp%2Fv2%2Fcomments&post=3398"}],"version-history":[{"count":5,"href":"http:\/\/xn--skuggorfrndetfrflutna-02b01b.se\/index.php?rest_route=\/wp\/v2\/posts\/3398\/revisions"}],"predecessor-version":[{"id":3424,"href":"http:\/\/xn--skuggorfrndetfrflutna-02b01b.se\/index.php?rest_route=\/wp\/v2\/posts\/3398\/revisions\/3424"}],"wp:attachment":[{"href":"http:\/\/xn--skuggorfrndetfrflutna-02b01b.se\/index.php?rest_route=%2Fwp%2Fv2%2Fmedia&parent=3398"}],"wp:term":[{"taxonomy":"category","embeddable":true,"href":"http:\/\/xn--skuggorfrndetfrflutna-02b01b.se\/index.php?rest_route=%2Fwp%2Fv2%2Fcategories&post=3398"},{"taxonomy":"post_tag","embeddable":true,"href":"http:\/\/xn--skuggorfrndetfrflutna-02b01b.se\/index.php?rest_route=%2Fwp%2Fv2%2Ftags&post=3398"}],"curies":[{"name":"wp","href":"https:\/\/api.w.org\/{rel}","templated":true}]}}