{"id":3233,"date":"2017-12-11T15:30:18","date_gmt":"2017-12-11T15:30:18","guid":{"rendered":"http:\/\/skugg.wopsa.se\/?p=3233"},"modified":"2018-01-04T14:25:55","modified_gmt":"2018-01-04T14:25:55","slug":"skuggor-fran-gulag","status":"publish","type":"post","link":"http:\/\/xn--skuggorfrndetfrflutna-02b01b.se\/?p=3233","title":{"rendered":"Skuggor fr\u00e5n GULAG"},"content":{"rendered":"<p>\u00d6verlevande Julian Better bes\u00f6kte den 7 december Lill\u00e5ns skola och skol\u00e5r 9. Han ber\u00e4ttade vad som h\u00e4nde med han sj\u00e4lv och hans f\u00f6r\u00e4ldrar i h\u00e4nderna p\u00e5 NKVD och hur han \u00f6verlevde GULAG. Stort tack.<a href=\"http:\/\/skugg.wopsa.se\/wp-content\/uploads\/2016\/02\/jag-var-barn-i-gulag.jpg\"><img loading=\"lazy\" decoding=\"async\" class=\"size-full wp-image-2423 aligncenter\" src=\"http:\/\/skugg.wopsa.se\/wp-content\/uploads\/2016\/02\/jag-var-barn-i-gulag.jpg\" alt=\"\" width=\"201\" height=\"301\" srcset=\"http:\/\/xn--skuggorfrndetfrflutna-02b01b.se\/wp-content\/uploads\/2016\/02\/jag-var-barn-i-gulag.jpg 201w, http:\/\/xn--skuggorfrndetfrflutna-02b01b.se\/wp-content\/uploads\/2016\/02\/jag-var-barn-i-gulag-200x300.jpg 200w\" sizes=\"auto, (max-width: 201px) 100vw, 201px\" \/><\/a><\/p>\n<p><!--more--><\/p>\n<p><a href=\"http:\/\/skugg.wopsa.se\/wp-content\/uploads\/2017\/12\/2.jpg\"><img loading=\"lazy\" decoding=\"async\" class=\"alignnone size-large wp-image-3235\" src=\"http:\/\/skugg.wopsa.se\/wp-content\/uploads\/2017\/12\/2.jpg\" alt=\"\" width=\"640\" height=\"480\" srcset=\"http:\/\/xn--skuggorfrndetfrflutna-02b01b.se\/wp-content\/uploads\/2017\/12\/2.jpg 640w, http:\/\/xn--skuggorfrndetfrflutna-02b01b.se\/wp-content\/uploads\/2017\/12\/2-300x225.jpg 300w\" sizes=\"auto, (max-width: 640px) 100vw, 640px\" \/><\/a><\/p>\n","protected":false},"excerpt":{"rendered":"<p>\u00d6verlevande Julian Better bes\u00f6kte den 7 december Lill\u00e5ns skola och skol\u00e5r 9. Han ber\u00e4ttade vad som h\u00e4nde med han sj\u00e4lv och hans f\u00f6r\u00e4ldrar i h\u00e4nderna p\u00e5 NKVD och hur han \u00f6verlevde GULAG. Stort tack.<\/p><p><a class=\"more-link btn\" href=\"http:\/\/xn--skuggorfrndetfrflutna-02b01b.se\/?p=3233\">Forts\u00e4tt l\u00e4sa<\/a><\/p>\n","protected":false},"author":1,"featured_media":0,"comment_status":"closed","ping_status":"open","sticky":false,"template":"","format":"standard","meta":{"_monsterinsights_skip_tracking":false,"_monsterinsights_sitenote_active":false,"_monsterinsights_sitenote_note":"","_monsterinsights_sitenote_category":0,"_jetpack_memberships_contains_paid_content":false,"footnotes":""},"categories":[1],"tags":[],"class_list":["post-3233","post","type-post","status-publish","format-standard","hentry","category-uncategorized","nodate","item-wrap"],"jetpack_sharing_enabled":true,"jetpack_featured_media_url":"","_links":{"self":[{"href":"http:\/\/xn--skuggorfrndetfrflutna-02b01b.se\/index.php?rest_route=\/wp\/v2\/posts\/3233","targetHints":{"allow":["GET"]}}],"collection":[{"href":"http:\/\/xn--skuggorfrndetfrflutna-02b01b.se\/index.php?rest_route=\/wp\/v2\/posts"}],"about":[{"href":"http:\/\/xn--skuggorfrndetfrflutna-02b01b.se\/index.php?rest_route=\/wp\/v2\/types\/post"}],"author":[{"embeddable":true,"href":"http:\/\/xn--skuggorfrndetfrflutna-02b01b.se\/index.php?rest_route=\/wp\/v2\/users\/1"}],"replies":[{"embeddable":true,"href":"http:\/\/xn--skuggorfrndetfrflutna-02b01b.se\/index.php?rest_route=%2Fwp%2Fv2%2Fcomments&post=3233"}],"version-history":[{"count":3,"href":"http:\/\/xn--skuggorfrndetfrflutna-02b01b.se\/index.php?rest_route=\/wp\/v2\/posts\/3233\/revisions"}],"predecessor-version":[{"id":3359,"href":"http:\/\/xn--skuggorfrndetfrflutna-02b01b.se\/index.php?rest_route=\/wp\/v2\/posts\/3233\/revisions\/3359"}],"wp:attachment":[{"href":"http:\/\/xn--skuggorfrndetfrflutna-02b01b.se\/index.php?rest_route=%2Fwp%2Fv2%2Fmedia&parent=3233"}],"wp:term":[{"taxonomy":"category","embeddable":true,"href":"http:\/\/xn--skuggorfrndetfrflutna-02b01b.se\/index.php?rest_route=%2Fwp%2Fv2%2Fcategories&post=3233"},{"taxonomy":"post_tag","embeddable":true,"href":"http:\/\/xn--skuggorfrndetfrflutna-02b01b.se\/index.php?rest_route=%2Fwp%2Fv2%2Ftags&post=3233"}],"curies":[{"name":"wp","href":"https:\/\/api.w.org\/{rel}","templated":true}]}}