{"id":3192,"date":"2017-12-12T14:59:55","date_gmt":"2017-12-12T14:59:55","guid":{"rendered":"http:\/\/skugg.wopsa.se\/?p=3192"},"modified":"2017-12-31T08:48:26","modified_gmt":"2017-12-31T08:48:26","slug":"dulag-121-durchganglager-121-pruszkow","status":"publish","type":"post","link":"http:\/\/xn--skuggorfrndetfrflutna-02b01b.se\/?p=3192","title":{"rendered":"Dulag 121 \u2013 Durchganglager 121 Pruszk\u00f3w"},"content":{"rendered":"<p style=\"text-align: justify;\"><strong>Warszawaupproret<\/strong><\/p>\n<p style=\"text-align: justify;\">Sommaren 1944 n\u00e4rmade sig R\u00f6da Arm\u00e9n Polens huvudstad Warszawa. Nazityskland h\u00e5ller p\u00e5 att besegras men den polska motst\u00e5ndsr\u00f6relsen \u00e4r r\u00e4dd f\u00f6r att Stalin kommer att ockupera och f\u00f6rslava Polen och att en diktatur f\u00f6rbyts mot en annan. De v\u00e4stallierade befinner sig l\u00e5ngt borta.<\/p>\n<p style=\"text-align: justify;\">I augusti 1944 reser sig d\u00e4rf\u00f6r Hemmarm\u00e9n (Armia Krajowa = AK = den st\u00f6rsta polska motst\u00e5ndsr\u00f6relsen) i ett sista desperat f\u00f6rs\u00f6k att sj\u00e4lva befria sin huvudstad innan ryssarna hinner fram. Tanken \u00e4r att exilregeringen i London ska ha n\u00e5got att f\u00f6rhandla om med Stalin och de v\u00e4stallierade. Ledarna hoppas p\u00e5 flygunderst\u00f6d fr\u00e5n de v\u00e4stallierade och hj\u00e4lp av den R\u00f6da arm\u00e9n.<\/p>\n<p><a href=\"http:\/\/skugg.wopsa.se\/wp-content\/uploads\/2017\/08\/8-1.png\"><img loading=\"lazy\" decoding=\"async\" class=\"alignnone wp-image-3200\" src=\"http:\/\/skugg.wopsa.se\/wp-content\/uploads\/2017\/08\/8-1.png\" alt=\"\" width=\"263\" height=\"164\" srcset=\"http:\/\/xn--skuggorfrndetfrflutna-02b01b.se\/wp-content\/uploads\/2017\/08\/8-1.png 1000w, http:\/\/xn--skuggorfrndetfrflutna-02b01b.se\/wp-content\/uploads\/2017\/08\/8-1-300x188.png 300w, http:\/\/xn--skuggorfrndetfrflutna-02b01b.se\/wp-content\/uploads\/2017\/08\/8-1-768x480.png 768w\" sizes=\"auto, (max-width: 263px) 100vw, 263px\" \/><\/a><\/p>\n<p style=\"text-align: justify;\">Den 1 augusti 1944 klockan 17:00 inleds Warszawaupproret genom att cirka 40\u00a0000 f\u00f6rbereda men d\u00e5ligt utrustade (bara var fj\u00e4rde man s\u00e4gs ha haft ett vapen) motst\u00e5ndsk\u00e4mpar g\u00e5r till anfall mot tyskarna i Warszawa. Inledningsvis \u00e4r tyskarna \u00f6verrumplade och \u00f6verraskade men f\u00f6r efterhand in olika arm\u00e9- och polisenheter och krossar upproret efter 63 dagars h\u00e5rda strider. Den 2 oktober 1944 kapitulerar Hemmaarm\u00e9n i Warszawa under sin general Tadeusz B\u00f3r-Komorowski.<\/p>\n<p style=\"text-align: justify;\">De v\u00e4stallierade genomf\u00f6r 200 riskfulla (\u00f6ver 11h flygtid) och n\u00e4rmast d\u00f6dsf\u00f6raktande flygningar (i huvudsak polska bes\u00e4ttningar) fr\u00e5n Italien. Den mesta av krigsmaterialen som f\u00e4lls med fallsk\u00e4rm hamnar emellertid i tyska h\u00e4nder. Sm\u00e5 m\u00e4ngder krigsmaterial f\u00e4lls ocks\u00e5 av ryska flygplan. R\u00f6da arm\u00e9n som kommit fram till andra sidan floden ingriper inte i striderna utan koncentrerar sig p\u00e5 att sl\u00e5 tillbaka tyska motanfall. Stalin \u00e4r \u00e4nd\u00e5 n\u00f6jd med att nazisterna d\u00f6dat stora delar av Hemmaarm\u00e9n och hans soldater kan i januari 1945 l\u00e4tt er\u00f6vra hela huvudstaden.<\/p>\n<p style=\"text-align: justify;\">Stora delar av miljonstaden Warszawa j\u00e4mnades med marken och m\u00e5ste anses som en av de mest f\u00f6rst\u00f6rda st\u00e4derna under Andra v\u00e4rldskriget. Uppskattningsvis 15\u00a0000 d\u00f6da stridande p\u00e5 respektive sida. Cirka 15\u00a0000 \u00f6verlevande polska motst\u00e5ndsk\u00e4mpar kapitulerar men behandlas som huvudsakligen som krigsf\u00e5ngar.<\/p>\n<p style=\"text-align: justify;\">Under striderna ber\u00e4knas kanske s\u00e5 m\u00e5nga som 150\u00a0000 (!) polska civila ha d\u00f6dats, de flesta m\u00f6rdade fr\u00e4mst i Wola och Ochota-distrikten (50\u201365\u00a0000 d\u00f6da) av SS-enheter. Hela Warszawas kvarvarande befolkning, p\u00e5 kanske 700\u00a0000 m\u00e4nniskor tv\u00e5ngsdeporteras sedan fr\u00e5n staden och staden j\u00e4mnas p\u00e5 Hitlers order med marken (av centrala Warszawa f\u00f6rst\u00f6rs 90%!). F\u00e5 st\u00e4der drabbades av kriget h\u00e5rdare \u00e4n Warszawa.<\/p>\n<p><a href=\"http:\/\/skugg.wopsa.se\/wp-content\/uploads\/2017\/12\/Miasto_Ruin_10.jpg\"><img loading=\"lazy\" decoding=\"async\" class=\"alignnone size-large wp-image-3338\" src=\"http:\/\/skugg.wopsa.se\/wp-content\/uploads\/2017\/12\/Miasto_Ruin_10-1024x576.jpg\" alt=\"\" width=\"847\" height=\"476\" srcset=\"http:\/\/xn--skuggorfrndetfrflutna-02b01b.se\/wp-content\/uploads\/2017\/12\/Miasto_Ruin_10-1024x576.jpg 1024w, http:\/\/xn--skuggorfrndetfrflutna-02b01b.se\/wp-content\/uploads\/2017\/12\/Miasto_Ruin_10-300x169.jpg 300w, http:\/\/xn--skuggorfrndetfrflutna-02b01b.se\/wp-content\/uploads\/2017\/12\/Miasto_Ruin_10-768x432.jpg 768w, http:\/\/xn--skuggorfrndetfrflutna-02b01b.se\/wp-content\/uploads\/2017\/12\/Miasto_Ruin_10.jpg 1600w\" sizes=\"auto, (max-width: 847px) 100vw, 847px\" \/><\/a><\/p>\n<p><!--more--><\/p>\n<p style=\"text-align: justify;\"><strong>Dulag 121 Pruszk\u00f3w<\/strong><\/p>\n<p style=\"text-align: justify;\">Den femte augusti 1944 f\u00f6r\u00e4ndras behandlingen av civilbefolkningen n\u00e5got n\u00e4r SS-generalen von dem Bach-Zalewski f\u00e5r bef\u00e4let \u00f6ver de tyska enheterna. Det beslutas nu att civilbefolkningen ska tv\u00e5ngsdeporteras till ett nybyggt transitl\u00e4ger i f\u00f6rstaden Pruszk\u00f3w. Tyskarna t\u00e4nker sig att anv\u00e4nda arbetsduglig befolkning som slavarbetare i krigsindustrin d\u00e5 den tyska industrin har arbetskraftsbrist.<\/p>\n<p style=\"text-align: justify;\">De flesta av de deporterade transporteras med j\u00e4rnv\u00e4g men \u00e4ven lastbil eller gick till fot. Under hemska sanit\u00e4ra f\u00f6rh\u00e5llanden och matbrist sorteras sedan de tv\u00e5ngsdeporterade enligt f\u00f6ljande principer:<\/p>\n<ol style=\"text-align: justify;\">\n<li>Barn och gamla och arbetsodugliga skulle skickas till olika platser i Generalguvernementet.<\/li>\n<li>Arbetsdugliga skulle inv\u00e4nta transport till arbetsl\u00e4ger\/koncentrationsl\u00e4ger i Tredje riket.<\/li>\n<li>Polska upprorsm\u00e4n\/kvinnor (kanske n\u00e5gra tusen d\u00e4r n\u00e5gra f\u00f6rs\u00f6kt blanda sig med civilbefolkningen) skulle skickas vidare till krigsf\u00e5ngel\u00e4ger\/koncentrationsl\u00e4ger.<\/li>\n<\/ol>\n<p><img loading=\"lazy\" decoding=\"async\" class=\" wp-image-3198 aligncenter\" src=\"http:\/\/skugg.wopsa.se\/wp-content\/uploads\/2017\/08\/6.png\" alt=\"\" width=\"678\" height=\"971\" srcset=\"http:\/\/xn--skuggorfrndetfrflutna-02b01b.se\/wp-content\/uploads\/2017\/08\/6.png 559w, http:\/\/xn--skuggorfrndetfrflutna-02b01b.se\/wp-content\/uploads\/2017\/08\/6-210x300.png 210w\" sizes=\"auto, (max-width: 678px) 100vw, 678px\" \/><a href=\"http:\/\/skugg.wopsa.se\/wp-content\/uploads\/2017\/08\/1.png\"><img loading=\"lazy\" decoding=\"async\" class=\"alignnone size-full wp-image-3193\" src=\"http:\/\/skugg.wopsa.se\/wp-content\/uploads\/2017\/08\/1.png\" alt=\"\" width=\"960\" height=\"597\" srcset=\"http:\/\/xn--skuggorfrndetfrflutna-02b01b.se\/wp-content\/uploads\/2017\/08\/1.png 960w, http:\/\/xn--skuggorfrndetfrflutna-02b01b.se\/wp-content\/uploads\/2017\/08\/1-300x187.png 300w, http:\/\/xn--skuggorfrndetfrflutna-02b01b.se\/wp-content\/uploads\/2017\/08\/1-768x478.png 768w\" sizes=\"auto, (max-width: 960px) 100vw, 960px\" \/><\/a><a href=\"http:\/\/skugg.wopsa.se\/wp-content\/uploads\/2017\/08\/2-1.png\"><img loading=\"lazy\" decoding=\"async\" class=\"alignnone size-large wp-image-3194\" src=\"http:\/\/skugg.wopsa.se\/wp-content\/uploads\/2017\/08\/2-1.png\" alt=\"\" width=\"733\" height=\"528\" srcset=\"http:\/\/xn--skuggorfrndetfrflutna-02b01b.se\/wp-content\/uploads\/2017\/08\/2-1.png 733w, http:\/\/xn--skuggorfrndetfrflutna-02b01b.se\/wp-content\/uploads\/2017\/08\/2-1-300x216.png 300w\" sizes=\"auto, (max-width: 733px) 100vw, 733px\" \/><\/a> <a href=\"http:\/\/skugg.wopsa.se\/wp-content\/uploads\/2017\/08\/3-1.png\"><img loading=\"lazy\" decoding=\"async\" class=\"alignnone size-large wp-image-3195\" src=\"http:\/\/skugg.wopsa.se\/wp-content\/uploads\/2017\/08\/3-1.png\" alt=\"\" width=\"960\" height=\"597\" srcset=\"http:\/\/xn--skuggorfrndetfrflutna-02b01b.se\/wp-content\/uploads\/2017\/08\/3-1.png 960w, http:\/\/xn--skuggorfrndetfrflutna-02b01b.se\/wp-content\/uploads\/2017\/08\/3-1-300x187.png 300w, http:\/\/xn--skuggorfrndetfrflutna-02b01b.se\/wp-content\/uploads\/2017\/08\/3-1-768x478.png 768w\" sizes=\"auto, (max-width: 960px) 100vw, 960px\" \/><\/a><a href=\"http:\/\/skugg.wopsa.se\/wp-content\/uploads\/2017\/08\/4.png\"><img loading=\"lazy\" decoding=\"async\" class=\"alignnone size-large wp-image-3196\" src=\"http:\/\/skugg.wopsa.se\/wp-content\/uploads\/2017\/08\/4.png\" alt=\"\" width=\"805\" height=\"600\" srcset=\"http:\/\/xn--skuggorfrndetfrflutna-02b01b.se\/wp-content\/uploads\/2017\/08\/4.png 805w, http:\/\/xn--skuggorfrndetfrflutna-02b01b.se\/wp-content\/uploads\/2017\/08\/4-300x224.png 300w, http:\/\/xn--skuggorfrndetfrflutna-02b01b.se\/wp-content\/uploads\/2017\/08\/4-768x572.png 768w\" sizes=\"auto, (max-width: 805px) 100vw, 805px\" \/><\/a><a href=\"http:\/\/skugg.wopsa.se\/wp-content\/uploads\/2017\/08\/5-1.png\"><img loading=\"lazy\" decoding=\"async\" class=\"alignnone size-large wp-image-3197\" src=\"http:\/\/skugg.wopsa.se\/wp-content\/uploads\/2017\/08\/5-1.png\" alt=\"\" width=\"800\" height=\"602\" srcset=\"http:\/\/xn--skuggorfrndetfrflutna-02b01b.se\/wp-content\/uploads\/2017\/08\/5-1.png 800w, http:\/\/xn--skuggorfrndetfrflutna-02b01b.se\/wp-content\/uploads\/2017\/08\/5-1-300x226.png 300w, http:\/\/xn--skuggorfrndetfrflutna-02b01b.se\/wp-content\/uploads\/2017\/08\/5-1-768x578.png 768w\" sizes=\"auto, (max-width: 800px) 100vw, 800px\" \/><\/a> <a href=\"http:\/\/skugg.wopsa.se\/wp-content\/uploads\/2017\/08\/7-1.png\"><img loading=\"lazy\" decoding=\"async\" class=\"alignnone size-large wp-image-3199\" src=\"http:\/\/skugg.wopsa.se\/wp-content\/uploads\/2017\/08\/7-1-1024x652.png\" alt=\"\" width=\"1024\" height=\"652\" srcset=\"http:\/\/xn--skuggorfrndetfrflutna-02b01b.se\/wp-content\/uploads\/2017\/08\/7-1-1024x652.png 1024w, http:\/\/xn--skuggorfrndetfrflutna-02b01b.se\/wp-content\/uploads\/2017\/08\/7-1-300x191.png 300w, http:\/\/xn--skuggorfrndetfrflutna-02b01b.se\/wp-content\/uploads\/2017\/08\/7-1-768x489.png 768w\" sizes=\"auto, (max-width: 1024px) 100vw, 1024px\" \/><\/a><a href=\"http:\/\/skugg.wopsa.se\/wp-content\/uploads\/2017\/08\/10.jpg\"><img loading=\"lazy\" decoding=\"async\" class=\"alignnone size-large wp-image-3201\" src=\"http:\/\/skugg.wopsa.se\/wp-content\/uploads\/2017\/08\/10-1024x680.jpg\" alt=\"\" width=\"1024\" height=\"680\" srcset=\"http:\/\/xn--skuggorfrndetfrflutna-02b01b.se\/wp-content\/uploads\/2017\/08\/10-1024x680.jpg 1024w, http:\/\/xn--skuggorfrndetfrflutna-02b01b.se\/wp-content\/uploads\/2017\/08\/10-300x199.jpg 300w, http:\/\/xn--skuggorfrndetfrflutna-02b01b.se\/wp-content\/uploads\/2017\/08\/10-768x510.jpg 768w, http:\/\/xn--skuggorfrndetfrflutna-02b01b.se\/wp-content\/uploads\/2017\/08\/10.jpg 1385w\" sizes=\"auto, (max-width: 1024px) 100vw, 1024px\" \/><\/a><\/p>\n<p style=\"text-align: justify;\">Genomg\u00e5ngsl\u00e4gret uppf\u00f6rdes p\u00e5 ett omr\u00e5de avsett f\u00f6r verkst\u00e4der f\u00f6r t\u00e5g och var ca 53 hektar. Med olika delar f\u00f6r de olika grupperna av m\u00e4nniskor. Sannolikt \u00f6ver 400\u00a0000 Warszawabor passerar genom transitl\u00e4gret. N\u00e5gra hundra till kanske upp till 1\u00a0000 m\u00e4nniskor d\u00f6r i l\u00e4gret av utmattning, sjukdomar och den behandling de f\u00e5tt utst\u00e5. Bara p\u00e5 en vecka mellan den 3 och 7 oktober \u201devakuerades\u201d 170\u00a0000 Warszawabor till l\u00e4gret. Tiden i l\u00e4gret kunde variera stort \u2013 n\u00e5gra timmar till 7\u20138 dagar. \u00d6ver 50\u00a0000 m\u00e4nniskor kunde finnas i l\u00e4gret dagligen i oktober.<\/p>\n<p style=\"text-align: justify;\">D\u00e5 l\u00e4gret improviserades fram var f\u00f6rh\u00e5llandena primitiva &#8211; inga s\u00e4ngar fanns och bristen p\u00e5 sanit\u00e4ra inr\u00e4ttningar och vatten g\u00f6r att l\u00f6ss och sjukdomars sprids. Tyskarna tvingas anst\u00e4lla en stor m\u00e4ngd polacker f\u00f6r att handha alla dessa m\u00e4nniskor. M\u00e5nga var medlemmar av motst\u00e5ndsr\u00f6relsen och 10\u00a0000-tals m\u00e4nniskor kan p\u00e5 olika s\u00e4tt smugglas ut ur l\u00e4gret. Matsituationen var besv\u00e4rlig och lokalsamh\u00e4llet och internationella R\u00f6da korset till\u00e5ts att s\u00e4nda in mat.<\/p>\n<p style=\"text-align: justify;\">Familjer slits s\u00f6nder och s\u00e5 m\u00e5nga som kanske 150\u00a0000 (m\u00e5nga kvinnor) skickas till Tredje riket som slavarbetskraft. M\u00e5nga direkt till arbetsl\u00e4gren medan andra hamnar i koncentrationsl\u00e4gersystemet d\u00e4r de vid olika tidpunkter passerar huvudl\u00e4ger som Auschwitz, Stutthof och Ravensbr\u00fcck, innan de hamnar i underl\u00e4ger som till exempel Gr\u00fcneberg (Ravensbr\u00fcck).<\/p>\n<p style=\"text-align: justify;\">De flesta av de polska kvinnorna fr\u00e5n Warszawa, kanske cirka 100, som kom till beredskapssjukhuset i \u00d6rebro har sannolikt passerat Dulag 121 Pruszk\u00f3w. F\u00e5 sp\u00e5r finns i de svenska dokumenten och detta beror sannolikt p\u00e5 kvinnornas korta tid d\u00e4r samt att upplevelserna av tyska l\u00e4ger blev \u00e4n v\u00e4rre innan de befriades. I arkivet i Ravensbr\u00fcck finns dock noteringar om n\u00e5gra av kvinnorna om transitl\u00e4gret Pruszk\u00f3w.<\/p>\n<p style=\"text-align: justify;\"><u>N\u00e5gra exempel: <\/u><\/p>\n<p style=\"text-align: justify;\">Halina B, f\u00f6dd 1921<\/p>\n<p style=\"text-align: justify;\">Valeria B, f\u00f6dd 1882<\/p>\n<p style=\"text-align: justify;\">Tekla B, f\u00f6dd 1894<\/p>\n<p style=\"text-align: justify;\">Notera de tv\u00e5 sista kvinnornas h\u00f6ga \u00e5lder. 60-\u00e5riga kvinnor ska allts\u00e5 g\u00f6ra nytta i den tyska krigsindustrin. Tyskarna \u00e4r naturligtvis klara \u00f6ver att f\u00e5 kvinnor i denna \u00e5lder \u00f6verlever h\u00e5rt kroppsarbete med sv\u00e4ltransoner i milj\u00f6er d\u00e4r sjukdomar sprids med d\u00e5liga sanit\u00e4ra f\u00f6rh\u00e5llanden. Nazismens h\u00e4nsynsl\u00f6shet och totala brist p\u00e5 medm\u00e4nsklighet blir tydlig.<\/p>\n<p style=\"text-align: justify;\">Pruszk\u00f3w \u00e4r f\u00f6r dessa kvinnor en viktig plats d\u00e5 det var h\u00e4r de skiljdes fr\u00e5n sina familjer och f\u00f6rsvann in i det tyska l\u00e4gersystemet, i m\u00e5nga fall f\u00f6r att d\u00f6. Tre gravar finns p\u00e5 norra kyrkog\u00e5rden i \u00d6rebro. Nazismen \u00e4r inte bara massmord utan ocks\u00e5 monumental k\u00e4nsla av f\u00f6rtvivlan hos de \u00f6verlevande. Det svenska R\u00f6da korset samlar in pengar i Stockholm i september 1944 och sannolikt n\u00e5r i alla fall n\u00e5got fram via det internationella R\u00f6da korset till m\u00e4nniskorna i transitl\u00e4gret Pruszk\u00f3w.<\/p>\n<p style=\"text-align: justify;\">Vad \u00e4r en m\u00e4nniska?<\/p>\n<p style=\"text-align: justify;\"><u>K\u00e4llor:<\/u><\/p>\n<p style=\"text-align: justify;\">Wkipedia:<\/p>\n<p style=\"text-align: justify;\"><a href=\"https:\/\/en.wikipedia.org\/wiki\/Warsaw_Uprising\">https:\/\/en.wikipedia.org\/wiki\/Warsaw_Uprising<\/a><\/p>\n<p style=\"text-align: justify;\"><a href=\"https:\/\/pl.wikipedia.org\/wiki\/Dulag_121_Pruszk%C3%B3w\">https:\/\/pl.wikipedia.org\/wiki\/Dulag_121_Pruszk%C3%B3w<\/a><\/p>\n<p style=\"text-align: justify;\">Skrift Museum Dulag 121 och <a href=\"http:\/\/www.dulag121.pl\">www.dulag121.pl<\/a><\/p>\n<p style=\"text-align: justify;\"><a href=\"https:\/\/www.google.com\/culturalinstitute\/beta\/exhibit\/gQifNZci\">https:\/\/www.google.com\/culturalinstitute\/beta\/exhibit\/gQifNZci<\/a> Hemsida om Warszawabor som deporterades till Auschwitz<\/p>\n<p style=\"text-align: justify;\">Stillbild fr\u00e5n 3D animation om Warszawas f\u00f6rst\u00f6relse<\/p>\n","protected":false},"excerpt":{"rendered":"<p>Warszawaupproret Sommaren 1944 n\u00e4rmade sig R\u00f6da Arm\u00e9n Polens huvudstad Warszawa. Nazityskland h\u00e5ller p\u00e5 att besegras men den polska motst\u00e5ndsr\u00f6relsen \u00e4r r\u00e4dd f\u00f6r att Stalin kommer att ockupera och f\u00f6rslava Polen och att en diktatur f\u00f6rbyts mot en annan. De v\u00e4stallierade befinner sig l\u00e5ngt borta. I augusti 1944 reser sig d\u00e4rf\u00f6r Hemmarm\u00e9n (Armia Krajowa = AK &hellip; <\/p>\n<p><a class=\"more-link btn\" href=\"http:\/\/xn--skuggorfrndetfrflutna-02b01b.se\/?p=3192\">Forts\u00e4tt l\u00e4sa<\/a><\/p>\n","protected":false},"author":1,"featured_media":0,"comment_status":"closed","ping_status":"open","sticky":false,"template":"","format":"standard","meta":{"_monsterinsights_skip_tracking":false,"_monsterinsights_sitenote_active":false,"_monsterinsights_sitenote_note":"","_monsterinsights_sitenote_category":0,"_jetpack_memberships_contains_paid_content":false,"footnotes":""},"categories":[1],"tags":[],"class_list":["post-3192","post","type-post","status-publish","format-standard","hentry","category-uncategorized","nodate","item-wrap"],"jetpack_sharing_enabled":true,"jetpack_featured_media_url":"","_links":{"self":[{"href":"http:\/\/xn--skuggorfrndetfrflutna-02b01b.se\/index.php?rest_route=\/wp\/v2\/posts\/3192","targetHints":{"allow":["GET"]}}],"collection":[{"href":"http:\/\/xn--skuggorfrndetfrflutna-02b01b.se\/index.php?rest_route=\/wp\/v2\/posts"}],"about":[{"href":"http:\/\/xn--skuggorfrndetfrflutna-02b01b.se\/index.php?rest_route=\/wp\/v2\/types\/post"}],"author":[{"embeddable":true,"href":"http:\/\/xn--skuggorfrndetfrflutna-02b01b.se\/index.php?rest_route=\/wp\/v2\/users\/1"}],"replies":[{"embeddable":true,"href":"http:\/\/xn--skuggorfrndetfrflutna-02b01b.se\/index.php?rest_route=%2Fwp%2Fv2%2Fcomments&post=3192"}],"version-history":[{"count":4,"href":"http:\/\/xn--skuggorfrndetfrflutna-02b01b.se\/index.php?rest_route=\/wp\/v2\/posts\/3192\/revisions"}],"predecessor-version":[{"id":3340,"href":"http:\/\/xn--skuggorfrndetfrflutna-02b01b.se\/index.php?rest_route=\/wp\/v2\/posts\/3192\/revisions\/3340"}],"wp:attachment":[{"href":"http:\/\/xn--skuggorfrndetfrflutna-02b01b.se\/index.php?rest_route=%2Fwp%2Fv2%2Fmedia&parent=3192"}],"wp:term":[{"taxonomy":"category","embeddable":true,"href":"http:\/\/xn--skuggorfrndetfrflutna-02b01b.se\/index.php?rest_route=%2Fwp%2Fv2%2Fcategories&post=3192"},{"taxonomy":"post_tag","embeddable":true,"href":"http:\/\/xn--skuggorfrndetfrflutna-02b01b.se\/index.php?rest_route=%2Fwp%2Fv2%2Ftags&post=3192"}],"curies":[{"name":"wp","href":"https:\/\/api.w.org\/{rel}","templated":true}]}}