{"id":3103,"date":"2016-07-07T23:04:10","date_gmt":"2016-07-07T23:04:10","guid":{"rendered":"http:\/\/skugg.wopsa.se\/?p=3103"},"modified":"2016-07-09T07:08:59","modified_gmt":"2016-07-09T07:08:59","slug":"christianstadt-underlager-till-gross-rosen-koncentrationslager","status":"publish","type":"post","link":"http:\/\/xn--skuggorfrndetfrflutna-02b01b.se\/?p=3103","title":{"rendered":"Christianstadt (underl\u00e4ger till Gross-Rosen koncentrationsl\u00e4ger)"},"content":{"rendered":"<p style=\"text-align: justify;\">M\u00e5nga av kvinnorna som kom till \u00d6rebro hade varit i ett ganska ok\u00e4nt men j\u00e4ttelikt l\u00e4gerkomplex utanf\u00f6r den tyska staden Christianstadt (idag Krystkowice i Polen). <a href=\"http:\/\/skugg.wopsa.se\/?p=3037\" target=\"_blank\">Se Klara Weisz vittnesm\u00e5l nedan! J\u00e4mf\u00f6r! Vilken \u00e4r den rimliga slutsatsen?<\/a><\/p>\n<p style=\"text-align: justify;\">I ett skogsparti utanf\u00f6r staden l\u00e5g en av det Tredje Rikets st\u00f6rsta ammunitionsfabriker, Dynamit AG Nobel. Fabriken byggdes st\u00e4ndigt ut och m\u00e5nga tyska f\u00f6retag deltog i uppbyggandet. Kanske 20\u00a0000 f\u00e5ngar arbetade d\u00e4r n\u00e5gon g\u00e5ng. Arbetarna var tv\u00e5ngsarbetare fr\u00e5n olika delar av Europa, krigsf\u00e5ngar, polacker och judar ledda av tyska f\u00f6rm\u00e4n.<\/p>\n<p style=\"text-align: justify;\">I september 1944 anl\u00e4nde tv\u00e5 transporter fr\u00e5n Auschwitz med ungef\u00e4r 500 kvinnor i varje t\u00e5gtransport. Ytterliggare tv\u00e5 transporter anl\u00e4nde fr\u00e5n gettot i Lodz som st\u00e4ngdes ner sommaren 1944. Sannolikt transporterade minst 1\u00a0200 judiska \u201dh\u00e4ftlinge\u201d (f\u00e5ngar) till Christianstadt. Mycket lite \u00e4r k\u00e4nt om l\u00e4gret och om transporterna d\u00e4rifr\u00e5n.<\/p>\n<p style=\"text-align: justify;\">F\u00f6rutom arbete i den vidstr\u00e4ckta fabriken (4-5 kilometer fr\u00e5n sj\u00e4lva l\u00e4gret) organiserades ett s\u00e5 kallat \u201dSkogskommando\u201d. Kvinnorna utf\u00f6rde tungt markarbete genom att f\u00e4lla tr\u00e4d, anl\u00e4gga v\u00e4gar och j\u00e4rnv\u00e4g genom tungt gr\u00e4varbete och b\u00e4ra fram j\u00e4rnv\u00e4gsr\u00e4ls och grus. Arbete utf\u00f6rdes med enkla handredskap och utan skyddsutrustning.<\/p>\n<p style=\"text-align: justify;\">Det mest farliga arbete bestod av att fylla granater med spr\u00e4ng\u00e4mne och f\u00f6rbereda granaterna i ammunitionsfabriken. Kvinnorna fick ofta br\u00e4nnskador och kontakten med kemiskt giftiga \u00e4mnen f\u00f6rsvagade dem ytterligare f\u00f6rutom den st\u00e4ndiga bristen p\u00e5 mat. Alla arbetare f\u00f6rutom de judiska fick en liter mj\u00f6lk att dricka per dag som ett motmedel mot det farliga och anstr\u00e4ngande arbetet. Gravida kvinnor skickades d\u00e4rifr\u00e5n &#8211; oklart vart.<\/p>\n<p style=\"text-align: justify;\">Evakueringen av l\u00e4gret genomf\u00f6rdes den 2 och 3 februari 1945. Kvinnorna leddes iv\u00e4g p\u00e5 en s\u00e5 kallad d\u00f6dsmarsch. Under bevakning av uniformerade vakter och ledda av en SS-underofficer gick kvinnorna s\u00f6derut mot Tjeckien. Man passerade bland annat kurorten Karlovy Vary (p\u00e5 tyska Karlsbad). Efter fyra! veckor n\u00e5dde kvinnorna fram till en plats kallad Cheb (Eger) d\u00e4r de lastades p\u00e5 bokskapsvagnar och k\u00f6rdes till Bergen-Belsen. Detta l\u00e4ger \u00e4r vid en h\u00e4r tiden i fullst\u00e4ndigt kaos. N\u00e4r britterna anl\u00e4nder hittar man 13\u00a0000 obegravda lik, 60\u00a0000 \u00f6verlevande f\u00e5ngar. Inledningsvis d\u00f6r kanske 500 f\u00e5ngar <strong>varje dag<\/strong> framf\u00f6rallt av tyfus <strong>efter <\/strong>befrielsen.<\/p>\n<h3 style=\"text-align: justify;\"><strong>Leva vidare \u2013 ett vittnesm\u00e5l<\/strong><\/h3>\n<p style=\"text-align: justify;\">Ruth Kluger f\u00f6ddes i Wien 1931 och skickades efter nazisternas \u00f6vertagande av \u00d6sterrike till uppsamlingsgettot Theresienstadt med sin mor p\u00e5 grund av sin judiska h\u00e4rkomst. Hon skickas sedan vidare till Auschwitz och trots att hon bara \u00e4r 13 \u00e4r gammal deporteras hon som slavarbetskraft till Christianstadt (ett underl\u00e4ger till Gross-Rosen koncentrationsl\u00e4ger). Hon ber\u00e4ttar:<\/p>\n<p style=\"text-align: justify;\"><em>\u201dSent p\u00e5 eftermiddagen kom vi fram till Niederschleisen. Vi befann oss i en skog och den n\u00e4rmaste orten hette Christianstadt. N\u00e5gon g\u00e5ng fick vi veta att det var en filial till Gross Rosen, ett idag ganska ok\u00e4nt namn trots att det med alla sina underl\u00e4ger var ett av de st\u00f6rsta koncentrationsl\u00e4gren. Skogen var idylliskt lugn, l\u00e4gret med sina \u00e4nnu obebodda gr\u00f6na tr\u00e4baracker verkade uth\u00e4rdligt. Barackerna var inte som i Auschwitz ett enda stort stall med v\u00e5ningss\u00e4ngar, utan indelade i rum, och vart och ett sov mellan sex och sju kvinnor. <\/em><\/p>\n<p style=\"text-align: justify;\"><!--more--><\/p>\n<p style=\"text-align: justify;\"><em>Vi togs emot av tyska kvinnor i uniform som tilltalade oss i normal samtalston, \u00e4ven om den var lite kantig, och de sa Ni till de vuxna. Under v\u00e5r tid i l\u00e4gret hade vi framf\u00f6rallt med dessa kvinnor att g\u00f6ra, \u00e4ven om det ibland d\u00f6k upp m\u00e4n som h\u00f6ll i tyglarna\u2026<\/em><\/p>\n<p style=\"text-align: justify;\"><em>\u2026 Till att b\u00f6rja med en \u00f6verv\u00e4gde gl\u00e4djen \u00f6ver att ha l\u00e4mnat Birkenau och att vara vid liv i det vackra v\u00e4dret. Det tog ett tag innan arbetskommandona hade organiserats och d\u00e5 fanns det tillf\u00e4llen n\u00e4r jag bara kunde ligga i gr\u00e4set i ren eufori, kanske f\u00f6r f\u00f6rsta g\u00e5ngen i mitt liv, och utan att n\u00e5gon st\u00f6rde mig. Ju l\u00e4ngre tiden gick, desto st\u00f6rre blev missmodet bland f\u00e5ngvaktarna och \u00e4ven godtycket, men vi upplevde s\u00e4llan misshandel fr\u00e5n dessa kvinnors sida. Ibland rakade de av h\u00e5ret p\u00e5 en f\u00e5nge som straff. Och det h\u00e4nde naturligtvis att f\u00e5ngar f\u00f6rsvann, skickades iv\u00e4g och inte d\u00f6k upp igen. Men v\u00e5ldsamma var de inte\u2026<\/em><\/p>\n<p style=\"text-align: justify;\"><em>\u2026 Nu tillbringade jag mer tid \u00e4n f\u00f6rut med vuxna kvinnor som haft ett liv redan f\u00f6re kriget som de anv\u00e4nde som en m\u00e5ttstock f\u00f6r den efterl\u00e4ngtade framtiden. De bytte matrecept med varandra\u2026 <\/em><\/p>\n<p style=\"text-align: justify;\"><em>F\u00f6rst fanns det bara vi i l\u00e4gret tyska, \u00f6sterrikiska, tjeckiska och n\u00e5gra kvinnor fr\u00e5n Theresienstadts familjel\u00e4ger i Birkenau. D\u00e4refter anl\u00e4nde judinnor fr\u00e5n \u00f6st som talade jiddisch och som hade selekterats direkt p\u00e5 rampen i Auschwitz, Och genast blev vi ett samh\u00e4lle med tv\u00e5 klasser. De \u201dandra\u201d var smutsiga, p\u00e5stod de som h\u00f6rde till oss och h\u00f6ll sig avsides. Jag h\u00f6ll mig inte avsides lika mycket f\u00f6r jag saknade barnen i Theresienstadt och bland de nya fanns det ocks\u00e5 barn som hade klarat sig igenom genom att ta p\u00e5 sig flera lager kl\u00e4der och s\u00e5g d\u00e4rf\u00f6r \u00e4ldre ut\u2026<\/em><\/p>\n<p style=\"text-align: justify;\"><em>\u2026 Det blev fuktigt och sedan mycket kallt. Det var vintern 1944-45 som ingen kommer att gl\u00f6mma som var i Europa d\u00e5. P\u00e5 morgonen v\u00e4cktes vi med en siren eller visselpipa och sedan stod vi uppst\u00e4llda i m\u00f6rkret. St\u00e5, bara st\u00e5, tycker jag \u00e4n idag \u00e4r s\u00e5 vederv\u00e4rdigt s\u00e5 att jag ibland l\u00e4mnat en k\u00f6 och g\u00e5r d\u00e4rifr\u00e5n\u2026<\/em><\/p>\n<p style=\"text-align: justify;\"><em>\u2026 Vi fick svart, kaffeliknande soppa att dricka, en portion br\u00f6d att ta med oss och marscherade tre och tre till arbetet. Bredvid oss sprang en f\u00e5ngvaktare som ville f\u00e5 os att g\u00e5 i takt med visselpipan. Allt visslande gjorde ingen nytta, trots f\u00e5ngvaktarens ilska l\u00e4rde vi oss inte att g\u00e5 i takt\u2026<\/em><\/p>\n<p style=\"text-align: justify;\"><em>\u2026 Alla var s\u00e5 undern\u00e4rda att ingen menstruerade, vilket \u00e5 andra sidan var en f\u00f6rdel eftersom det var brist p\u00e5 underkl\u00e4der\u2026 Arbetet var mansarbete, vi r\u00f6jde skog, gr\u00e4vde upp och tog bort stubbar av redan f\u00e4llda tr\u00e4d; vi h\u00f6gg ocks\u00e5 ved (det kunde jag fortfarande g\u00f6ra bra \u00e5tta \u00e5r efter\u00e5t, sedan dess har jag inte f\u00f6rs\u00f6kt) och bar j\u00e4rnv\u00e4gsr\u00e4ls. N\u00e5got skulle v\u00e4l byggas d\u00e4r, man sade inte vad det var och det intresserade mig inte heller. Vad det \u00e4n var som skulle byggas d\u00e4r i Christianstadt blev det aldrig f\u00e4rdigt\u2026 De flesta arbetade i en ammunitionsfabrik, \u00e4ven min mor, tillsammans med fransm\u00e4n, de livn\u00e4rdes b\u00e4ttre \u00e4n vi f\u00f6r att de var b\u00e4ttre rustade f\u00f6r detta arbete och d\u00e4rf\u00f6r mer v\u00e4rdefulla. D\u00e4rf\u00f6r kunde de ocks\u00e5 sabotera arbetet\u2026 g\u00e5ng p\u00e5 g\u00e5ng hade de stoppat en maskin genom att lossa p\u00e5 de r\u00e4tta skruvarna\u2026<\/em><\/p>\n<p style=\"text-align: justify;\"><em>Det vari b\u00f6rjan av 1945, dagligen h\u00f6rde vi ryssarnas artiller, efterl\u00e4ngtat krigsbuller. Arbetet st\u00e4lldes in, vi svalt, fr\u00f6s och v\u00e4ntade. Att inte beh\u00f6va arbeta mer var en v\u00e4lsignelse men priset var h\u00f6gt, d\u00e5 det fanns mindre att \u00e4ta\u2026 L\u00e4gret evakuerades. Den h\u00e4r g\u00e5ngen gick vi till fots fram\u00e5t. Vi bar v\u00e5ra t\u00e4cken och matk\u00e4rl, i \u00f6vrigt ingenting, bara de slitna kl\u00e4der vi hade p\u00e5 oss.. Det var de f\u00f6rsta dagarna i februari 1945, fortfarande mycket kallt, vi sl\u00e4pade oss fram l\u00e4ngs landsv\u00e4gen genom byarna. Sakta och alltid p\u00e5 gr\u00e4nsen till total utmattning. N\u00e4r ska det ta slut? P\u00e5 kv\u00e4llen beslagtog SS-m\u00e4nnen som \u00f6vervakade oss n\u00e5gra lador att \u00f6vernatta i\u2026 vi l\u00e5g s\u00e5 t\u00e4t ihop att man inte kunde g\u00e5 ut och kissa\u2026 P\u00e5 morgonen fortsatte det. Ledan n\u00e4r v\u00e4gen aldrig tycktes ta slut och man kunde knappt g\u00e5\u2026&#8221;<\/em><\/p>\n<p style=\"text-align: justify;\"><strong>\u00a0<\/strong><\/p>\n<p style=\"text-align: justify;\"><strong>K\u00e4lla:<\/strong><\/p>\n<p style=\"text-align: justify;\">Kluger, Ruth (2002) Leva vidare \u2013 En sann ber\u00e4ttelse s.159 ff<\/p>\n<p style=\"text-align: justify;\">Megargee, Geoffrey P (2009) The USHMM Encyklopedia of Camps and Ghettos 1933-45, Christianstadt<\/p>\n","protected":false},"excerpt":{"rendered":"<p>M\u00e5nga av kvinnorna som kom till \u00d6rebro hade varit i ett ganska ok\u00e4nt men j\u00e4ttelikt l\u00e4gerkomplex utanf\u00f6r den tyska staden Christianstadt (idag Krystkowice i Polen). Se Klara Weisz vittnesm\u00e5l nedan! J\u00e4mf\u00f6r! Vilken \u00e4r den rimliga slutsatsen? I ett skogsparti utanf\u00f6r staden l\u00e5g en av det Tredje Rikets st\u00f6rsta ammunitionsfabriker, Dynamit AG Nobel. Fabriken byggdes st\u00e4ndigt &hellip; <\/p>\n<p><a class=\"more-link btn\" href=\"http:\/\/xn--skuggorfrndetfrflutna-02b01b.se\/?p=3103\">Forts\u00e4tt l\u00e4sa<\/a><\/p>\n","protected":false},"author":1,"featured_media":0,"comment_status":"closed","ping_status":"open","sticky":false,"template":"","format":"standard","meta":{"_monsterinsights_skip_tracking":false,"_monsterinsights_sitenote_active":false,"_monsterinsights_sitenote_note":"","_monsterinsights_sitenote_category":0,"_jetpack_memberships_contains_paid_content":false,"footnotes":""},"categories":[1],"tags":[],"class_list":["post-3103","post","type-post","status-publish","format-standard","hentry","category-uncategorized","nodate","item-wrap"],"jetpack_sharing_enabled":true,"jetpack_featured_media_url":"","_links":{"self":[{"href":"http:\/\/xn--skuggorfrndetfrflutna-02b01b.se\/index.php?rest_route=\/wp\/v2\/posts\/3103","targetHints":{"allow":["GET"]}}],"collection":[{"href":"http:\/\/xn--skuggorfrndetfrflutna-02b01b.se\/index.php?rest_route=\/wp\/v2\/posts"}],"about":[{"href":"http:\/\/xn--skuggorfrndetfrflutna-02b01b.se\/index.php?rest_route=\/wp\/v2\/types\/post"}],"author":[{"embeddable":true,"href":"http:\/\/xn--skuggorfrndetfrflutna-02b01b.se\/index.php?rest_route=\/wp\/v2\/users\/1"}],"replies":[{"embeddable":true,"href":"http:\/\/xn--skuggorfrndetfrflutna-02b01b.se\/index.php?rest_route=%2Fwp%2Fv2%2Fcomments&post=3103"}],"version-history":[{"count":8,"href":"http:\/\/xn--skuggorfrndetfrflutna-02b01b.se\/index.php?rest_route=\/wp\/v2\/posts\/3103\/revisions"}],"predecessor-version":[{"id":3122,"href":"http:\/\/xn--skuggorfrndetfrflutna-02b01b.se\/index.php?rest_route=\/wp\/v2\/posts\/3103\/revisions\/3122"}],"wp:attachment":[{"href":"http:\/\/xn--skuggorfrndetfrflutna-02b01b.se\/index.php?rest_route=%2Fwp%2Fv2%2Fmedia&parent=3103"}],"wp:term":[{"taxonomy":"category","embeddable":true,"href":"http:\/\/xn--skuggorfrndetfrflutna-02b01b.se\/index.php?rest_route=%2Fwp%2Fv2%2Fcategories&post=3103"},{"taxonomy":"post_tag","embeddable":true,"href":"http:\/\/xn--skuggorfrndetfrflutna-02b01b.se\/index.php?rest_route=%2Fwp%2Fv2%2Ftags&post=3103"}],"curies":[{"name":"wp","href":"https:\/\/api.w.org\/{rel}","templated":true}]}}