{"id":2479,"date":"2016-02-24T16:21:44","date_gmt":"2016-02-24T16:21:44","guid":{"rendered":"http:\/\/skugg.wopsa.se\/?p=2479"},"modified":"2016-02-24T16:22:47","modified_gmt":"2016-02-24T16:22:47","slug":"sabir-livet-i-byn-tavella","status":"publish","type":"post","link":"http:\/\/xn--skuggorfrndetfrflutna-02b01b.se\/?p=2479","title":{"rendered":"Sabir \u2013 livet i byn Tavella"},"content":{"rendered":"<p>Sabir Kader som \u00e4r min morfar \u00e4r f\u00f6dd 1941 och var utbildad som l\u00e4rare under tiden d\u00e5 han levde i den Irakska del av Kurdista (i staden Soleimeni som ocks\u00e5 var hans hemstad) . Han bode med sin familj som bestod av pappa som jobbade med handel vars inkommst var v\u00e4ldigt bra, mamma som var hemmafru och tv\u00e5 systrar som blev bortgifta under 17 \u00e5rs \u00e5lder, de gick inte i skolan utan var hemma frua precis som modern. Idag s\u00e5 \u00e4r Sabir pansion\u00e4r och \u00e4ngnar tiden till att fixa egologiska gr\u00f6nsaker, spendera tid med sl\u00e4kt och v\u00e4nner samt ta hand om sin h\u00e4lsa och lyssna p\u00e5 nyheter n\u00e4r han \u00e4r hemma i Tengvallsgatan i \u00d6rebro. Han \u00e4r \u00e4ven ordf\u00f6rande i en f\u00f6rening.<\/p>\n<p>Under denna tid dvs f\u00f6re 1962 fanns det olika byar och Sabir bode p\u00e5 en av de som kallades f\u00f6r Tavella. Ett liv ett vanlig hem brukade oftast se ut p\u00e5 det s\u00e4tt d\u00e5 folk sydde egna kl\u00e4der med eget tygg som de fick tag i huvudstaden eller i Iran ditt tygg fraktades och butiks ansvarligarna fick ta emot det som senare s\u00e5ldes i aff\u00e4rerna. De flesta hade tr\u00e4dg\u00e5rd d\u00e4r man odlade ekologiska gr\u00f6nsake, \u00e5t nyttigt k\u00f6tt och ofta ris och n\u00e4stan aldrig socker dvs att de var v\u00e4ldigt nyttiga.<\/p>\n<p>Teknologi fanns inte p\u00e5 denna tiden dvs s\u00e4ga \u00e4ven inte radio och Sabir minns hur farsinerade alla var d\u00e5 de s\u00e5g en radio, \u201dhur kunde det de sa i Bgdad h\u00f6ras genom aparaten, hur kunnde ljudet f\u00f6ras fr\u00e5n s\u00e5 l\u00e5nga mil och hur kunnde de ens h\u00f6ra det\u201d: var m\u00e5nga som t\u00e4nkte.<\/p>\n<p><!--more-->Nu f\u00f6r tiden s\u00e5 byggs husen n\u00e4stan bara utav tr\u00e4 men stennar och lera var n\u00e4stan det \u00e4nda man andv\u00e4nde till husen och verktygen var p\u00e5 andra s\u00e4tt det vill s\u00e4ga hamare, spickar osv andv\u00e4nde man inte f\u00f6r att bygga hus.<\/p>\n<p>Det fanns olika jobb f\u00f6r olika m\u00e4niskor som t.ex. b\u00f6nder och l\u00f6ntage med s\u00e4mre jobb. De k\u00e4nde kanske 5kr per dag. Traktorer till b\u00f6nderna fanns inte under denna tid untan folket fick ta hj\u00e4lp av deras djur f\u00f6r att kunna fixa deras jord g\u00e5rdar som, n\u00e5gra djur som t.ex. andv\u00e4ndes var kor eller \u00e5snor. De fick \u00e4ven tillverka eget ris och egna potatisar. Det var jobb som inte kr\u00e4vde n\u00e5gon utbildning, men jobben som beh\u00f6vde utbildning som t.ex. l\u00e4reare, advokater och handel. Personer med utbildning kunnde r\u00f6sta menas de med utbildning inte kunnde det. Detta inneb\u00e4r att det var uppdelat i kast system. Om de med h\u00f6gre kast system f\u00f6rs\u00f6kte ta st\u00e4llning och f\u00f6srvara de som hade l\u00e4ggre kast system grepps det kunnde \u00e4ven g\u00e4lla de som ocks\u00e5 hade l\u00e4ggre kas system och f\u00f6sr\u00f6kte f\u00f6rsvara sig sj\u00e4lva.<\/p>\n<p>Sabir tycker att landet och folket under den tiden var myckrt b\u00e4ttre, vilket kan l\u00e5ta m\u00e4rkligt eftersom det var diktaturer som styrde landet, men det han menar var att avr\u00e4ttningar och m\u00f6rderier f\u00f6r din tro och \u00e5sikter inte fanns utan att man bara grepps och hamnade i f\u00e4gelse ist\u00e4llet. Folk flytade inte dvs tanken om att folk tror att b\u00e4ttre framtid finns i Europa fanns inte d\u00e5, som det finns nu d\u00e5 flyktingarna flyttar fr\u00e5n kriget i Syrien som IS har skapat. Morfar hade inte s\u00e5 mycket koll om f\u00f6ritelsen med tanke p\u00e5 att hade n\u00e5gon tv i byn.<\/p>\n<p>Min morfar var bara ca 5 \u00e5r gammal n\u00e4r andrav\u00e4rldskriget slutade s\u00e5 han minns iget om att n\u00e5gon b\u00e4rettade om h\u00e4ndelserna<\/p>\n<p>Jag tycker att det \u00e4r bra att man f\u00e5r l\u00e4ra sig mycket om f\u00f6ritelsen i dagens samh\u00e4lle som inte var s\u00e5 mycket f\u00f6rut. Jag tycket det var b\u00e4ttre d\u00e5 man ocks\u00e5 levde i byn med b\u00e4ttre h\u00e4ls bland naturen och nyttigare mat.<\/p>\n<p>Jad 9A, vt 16<\/p>\n","protected":false},"excerpt":{"rendered":"<p>Sabir Kader som \u00e4r min morfar \u00e4r f\u00f6dd 1941 och var utbildad som l\u00e4rare under tiden d\u00e5 han levde i den Irakska del av Kurdista (i staden Soleimeni som ocks\u00e5 var hans hemstad) . Han bode med sin familj som bestod av pappa som jobbade med handel vars inkommst var v\u00e4ldigt bra, mamma som var &hellip; <\/p>\n<p><a class=\"more-link btn\" href=\"http:\/\/xn--skuggorfrndetfrflutna-02b01b.se\/?p=2479\">Forts\u00e4tt l\u00e4sa<\/a><\/p>\n","protected":false},"author":1,"featured_media":0,"comment_status":"closed","ping_status":"open","sticky":false,"template":"","format":"standard","meta":{"_monsterinsights_skip_tracking":false,"_monsterinsights_sitenote_active":false,"_monsterinsights_sitenote_note":"","_monsterinsights_sitenote_category":0,"_jetpack_memberships_contains_paid_content":false,"footnotes":""},"categories":[1],"tags":[],"class_list":["post-2479","post","type-post","status-publish","format-standard","hentry","category-uncategorized","nodate","item-wrap"],"jetpack_sharing_enabled":true,"jetpack_featured_media_url":"","_links":{"self":[{"href":"http:\/\/xn--skuggorfrndetfrflutna-02b01b.se\/index.php?rest_route=\/wp\/v2\/posts\/2479","targetHints":{"allow":["GET"]}}],"collection":[{"href":"http:\/\/xn--skuggorfrndetfrflutna-02b01b.se\/index.php?rest_route=\/wp\/v2\/posts"}],"about":[{"href":"http:\/\/xn--skuggorfrndetfrflutna-02b01b.se\/index.php?rest_route=\/wp\/v2\/types\/post"}],"author":[{"embeddable":true,"href":"http:\/\/xn--skuggorfrndetfrflutna-02b01b.se\/index.php?rest_route=\/wp\/v2\/users\/1"}],"replies":[{"embeddable":true,"href":"http:\/\/xn--skuggorfrndetfrflutna-02b01b.se\/index.php?rest_route=%2Fwp%2Fv2%2Fcomments&post=2479"}],"version-history":[{"count":3,"href":"http:\/\/xn--skuggorfrndetfrflutna-02b01b.se\/index.php?rest_route=\/wp\/v2\/posts\/2479\/revisions"}],"predecessor-version":[{"id":2483,"href":"http:\/\/xn--skuggorfrndetfrflutna-02b01b.se\/index.php?rest_route=\/wp\/v2\/posts\/2479\/revisions\/2483"}],"wp:attachment":[{"href":"http:\/\/xn--skuggorfrndetfrflutna-02b01b.se\/index.php?rest_route=%2Fwp%2Fv2%2Fmedia&parent=2479"}],"wp:term":[{"taxonomy":"category","embeddable":true,"href":"http:\/\/xn--skuggorfrndetfrflutna-02b01b.se\/index.php?rest_route=%2Fwp%2Fv2%2Fcategories&post=2479"},{"taxonomy":"post_tag","embeddable":true,"href":"http:\/\/xn--skuggorfrndetfrflutna-02b01b.se\/index.php?rest_route=%2Fwp%2Fv2%2Ftags&post=2479"}],"curies":[{"name":"wp","href":"https:\/\/api.w.org\/{rel}","templated":true}]}}